{"id":948,"date":"2021-01-25T00:22:22","date_gmt":"2021-01-25T00:22:22","guid":{"rendered":"https:\/\/mangatom.com.br\/?p=948"},"modified":"2023-03-07T16:20:32","modified_gmt":"2023-03-07T19:20:32","slug":"on-the-nanquim-rio-2031","status":"publish","type":"post","link":"https:\/\/mangatom.com.br\/?p=948","title":{"rendered":"On the Nanquim: RIO 2031"},"content":{"rendered":"\n<p>Recentemente fomos reapresentados a serie <strong><a href=\"http:\/\/www.imdb.com\/title\/tt1740299\/?ref_=nv_sr_3\" target=\"_blank\" rel=\"noreferrer noopener\">O Homem do Castelo Alto<\/a><\/strong>, um dos originais da <strong><a href=\"https:\/\/www.primevideo.com\" target=\"_blank\" rel=\"noreferrer noopener\">Amazon Prime<\/a><\/strong>, o qual adapta o cl\u00e1ssico livro de <strong><a href=\"http:\/\/amzn.to\/2CCnJ0t\" target=\"_blank\" rel=\"noreferrer noopener\">Philip K. Dick<\/a> <\/strong>e que apresenta uma hist\u00f3ria alternativa onde os nazistas venceram <a href=\"https:\/\/pt.wikipedia.org\/wiki\/Segunda_Guerra_Mundial\" target=\"_blank\" rel=\"noreferrer noopener\"><strong>segunda guerra mundial guerra<\/strong><\/a>. Os her\u00f3is brasileiros ganharam um pouco mais de destaque nacional, com obras como <strong><a href=\"https:\/\/www.catarse.me\/ALFA\" target=\"_blank\" rel=\"noreferrer noopener\">Alfa<\/a><\/strong> e <strong><a href=\"https:\/\/www.catarse.me\/diasdehorror\" target=\"_blank\" rel=\"noreferrer noopener\">Dias de Horror<\/a><\/strong>. E o ilustrador <strong><a href=\"https:\/\/picolo-kun.deviantart.com\" target=\"_blank\" rel=\"noreferrer noopener\">Gabriel Picolo<\/a><\/strong> fechou contrato com a <strong><a href=\"https:\/\/www.dccomics.com\/\" target=\"_blank\" rel=\"noreferrer noopener\">DC comics<\/a><\/strong> para fazer uma serie dos <strong><a href=\"https:\/\/comicvine.gamespot.com\/teen-titans\/4060-19081\/\" target=\"_blank\" rel=\"noreferrer noopener\">Jovens Tit\u00e3s<\/a><\/strong>. E apesar disso tudo, porque ningu\u00e9m fala da <strong><a href=\"https:\/\/www.shockdom-store.com.br\/\" target=\"_blank\" rel=\"noreferrer noopener\">Shockdom<\/a><\/strong>?<\/p>\n\n\n\n<p>Sei que nada disso parece ter liga\u00e7\u00e3o, mas vou chegar l\u00e1. Primeiro deixe-me apresentar voc\u00eas a Shockdom. Uma editora italiana, que para a alegria dos brasileiros, chegou ao Brasil em 2017. E logo de cara j\u00e1 foi publicando obras nacionais, como a serie em tiras <strong><a href=\"https:\/\/www.shockdom-store.com.br\/em-portugues\/286-razao-vs-emocao-4-9788893360852.html\" target=\"_blank\" rel=\"noreferrer noopener\">Raz\u00e3o e Emo\u00e7\u00e3o<\/a><\/strong>, al\u00e9m da in\u00e9dita s\u00e9rie de her\u00f3is <strong><a href=\"https:\/\/www.shockdom-store.com.br\/13_timed\" target=\"_blank\" rel=\"noreferrer noopener\">Timed<\/a><\/strong>.<\/p>\n\n\n\n<p>E \u00e9 justamente de Timed que vamos falar aqui, come\u00e7ando com <strong><a href=\"https:\/\/www.shockdom-store.com.br\/em-portugues\/275-timed-rio-9788893360845.html\" target=\"_blank\" rel=\"noreferrer noopener\">Rio 2031<\/a><\/strong>. Um ponto de partida para toda uma linha de hist\u00f3rias fant\u00e1sticas, a qual vamos resenhar t\u00edtulo por t\u00edtulo aqui no Mangatom.<\/p>\n\n\n<div class=\"wp-block-image\">\n<figure class=\"aligncenter\"><img data-recalc-dims=\"1\" decoding=\"async\" src=\"https:\/\/mangatom.files.wordpress.com\/2018\/02\/capa-rio.jpg?w=790\" alt=\"CAPA RIO\" class=\"wp-image-5945\"\/><\/figure>\n<\/div>\n\n\n<p>Mas o que tem de t\u00e3o especial em Rio 2031. E a resposta est\u00e1 justamente no par\u00e1grafo inicial desse texto. Num futuro n\u00e3o muito distante o mundo v\u00ea um s\u00fabito surgimento de super seres, por\u00e9m n\u00e3o naquela ideia de <strong><a href=\"http:\/\/marvel.com\/\" target=\"_blank\" rel=\"noreferrer noopener\">Marvel<\/a><\/strong> e <strong>DC<\/strong> onde poucos s\u00e3o dotados, e sim algo que se assemelha a <strong><a href=\"http:\/\/amzn.to\/2GxWsP8\" target=\"_blank\" rel=\"noreferrer noopener\">My Hero Academia<\/a><\/strong>, fazendo assim com que super-humanos superem em n\u00famero os sem poderes, porem com um <em>twist<\/em>.<\/p>\n\n\n\n<p>Em My Hero Academia quando os primeiros poderosos surgiram existiu conflito, mas \u00e9 algo pouco mencionado, pois n\u00e3o diz respeito ao enredo, o qual mostra um mundo de her\u00f3is muito depois do surgimento. Enquanto em Rio 2031 os her\u00f3is, aqui chamados Timed, surgiram a pouco tempo, e em n\u00fameros alarmantes, o que acabou encadeando na <strong><a href=\"https:\/\/pt.wikipedia.org\/wiki\/Guerra_Fria\" target=\"_blank\" rel=\"noreferrer noopener\">Guerra Fria<\/a><\/strong>. Pois no mundo de Timed esse evento nunca havia ocorrido, e quando surge vem de maneira similar ao ocorrido no j\u00e1 mencionado O Homem do Castelo Alto, assim criando uma linha de hist\u00f3ria alternativa.<\/p>\n\n\n\n<p>A Guerra Fria de Timed \u00e9 um conflito pela supremacia entre os Estados Unidos e a R\u00fassia, com a vis\u00e3o de ser a guerra para acabar com todas as outras guerras. Porem ao inv\u00e9s de se focar em investimentos na tecnologia, se trata de uma corrida para ver quem tem os melhores super-humanos e que pode utilizar das for\u00e7as deles para mudar cen\u00e1rios ao redor do mundo, e assim assimilar tais localidades como aliados.<\/p>\n\n\n<div class=\"wp-block-image\">\n<figure class=\"aligncenter\"><img data-recalc-dims=\"1\" decoding=\"async\" src=\"https:\/\/mangatom.files.wordpress.com\/2018\/02\/2.jpg?w=790\" alt=\"2.jpg\" class=\"wp-image-5947\"\/><\/figure>\n<\/div>\n\n\n<p>E na frente dessas duas superpot\u00eancias temos duas megacorpora\u00e7\u00f5es, a <strong>Newstate<\/strong>, nos estados unidos, e a <strong>Thenation<\/strong> na R\u00fassia. Sendo assim n\u00e3o temos um embate entre capitalismo e comunismo, e sim entre duas formas distintas de capitalismo. Algo que infelizmente \u00e9 mal explorado na trama, e acaba caindo mais como uma ferramenta para o autor discutir problemas sociais, assim fazendo de Rio 2031 mais uma fic\u00e7\u00e3o social do que cientifica, mesmo tendo mechas e carros voadores em segundo plano.<\/p>\n\n\n\n<p>Uma perda imensa, mas que acaba destacando o ponto alto da trama. Apesar do HQ ser de her\u00f3is, eles n\u00e3o s\u00e3o l\u00e1 essas coisas. As personalidades s\u00e3o legais, mas n\u00e3o temos tempo de nos sentirmos atra\u00eddos por eles, e os poderes s\u00e3o basicamente o seu t\u00edpico time dos <strong><a href=\"https:\/\/comicvine.gamespot.com\/x-men\/4060-3173\/\" target=\"_blank\" rel=\"noreferrer noopener\">X-Men<\/a><\/strong>, com algumas mudan\u00e7as interessantes que logo falo. Menciono eles, pois \u00e9 justamente essa abordagem social que d\u00e1 charme a trama e n\u00e3o os poderosos.<\/p>\n\n\n\n<p>Para alguns isso vai soar como algo escroto, mas pense nos Timed como recursos narrativos para se passar n\u00e3o uma mensagem, mas um questionamento. Com dois grupos em conflito, mesmo tendo um lado vencedor e um perdedor, acabamos acompanhando por igual a vis\u00e3o de ambos, junto do ponto de vista de cada personagem, por mais \u00ednfimo que seja, assim nos fazendo tomar um lado, mesmo que inconscientemente. Ou seja, temos uma rara hist\u00f3ria sem protagonistas, com um enredo bem trabalhado e uma boa constru\u00e7\u00e3o de mundo, daqueles que faz voc\u00ea querer mais ao final da trama.<\/p>\n\n\n<div class=\"wp-block-image\">\n<figure class=\"aligncenter\"><img data-recalc-dims=\"1\" decoding=\"async\" src=\"https:\/\/mangatom.files.wordpress.com\/2018\/02\/4.jpg?w=790\" alt=\"4.jpg\" class=\"wp-image-5949\"\/><\/figure>\n<\/div>\n\n\n<p>E nesse momento acho que me precipitei, pois j\u00e1 deixei bem claro que gostei imensamente da proposta de Rio 2031 e da s\u00e9rie Timed, porem a resenha n\u00e3o acabou, pois chegou a hora de tocar no porque esse \u00e9 um HQ interessante sobre her\u00f3is, mesmo eu tendo posto eles meio que de escanteio. O que obviamente complementa boa parte do que falei.<\/p>\n\n\n\n<p>Enfim, Timed. Porque Timed? Sim, existe um motivo por tr\u00e1s do nome. Conhecem o <strong><a href=\"https:\/\/comicvine.gamespot.com\/hourman-rex-tyler\/4005-22787\/\" target=\"_blank\" rel=\"noreferrer noopener\">Homen-Hora<\/a><\/strong> ou anime <strong><a href=\"https:\/\/anilist.co\/anime\/9941\/TigerBunny\" target=\"_blank\" rel=\"noreferrer noopener\">Tiger &amp; Bunny<\/a><\/strong>? Se n\u00e3o, deixa eu explicar. Em ambos os exemplos o her\u00f3i possui um poder incr\u00edvel que pode ser utilizado por apenas uma hora. Mas e se, ap\u00f3s essa uma hora de ativa\u00e7\u00e3o, o her\u00f3i morrer? Esses s\u00e3o os Timed. Her\u00f3is que tiveram seus poderes despertados e que desde ent\u00e3o sabem o tempo que tem nesse mundo. Porem nada de 1 hora, e sim espa\u00e7os como 5 ou 7 anos de vida.<\/p>\n\n\n\n<p>\u00c9 muito? Sim e n\u00e3o. Esse \u00e9 o tempo que nos \u00e9 apresentado em Rio 2031. Por\u00e9m \u00e9 deixado claro que esse tempo vai variar de pessoa para pessoa, sem contar que voc\u00ea n\u00e3o precisa ser um g\u00eanio para saber que isso pode ser usado para afetar a psique de um personagem. Algo que n\u00e3o foi explorado em Rio #1, mas que pode causar um impacto fant\u00e1stico em edi\u00e7\u00f5es futuras ou em outras series da linha Timed. Sendo este, ao menos para mim, um chamariz imenso para ir atr\u00e1s dos outros t\u00edtulos da Shockdom.<\/p>\n\n\n<div class=\"wp-block-image\">\n<figure class=\"aligncenter\"><img data-recalc-dims=\"1\" decoding=\"async\" src=\"https:\/\/mangatom.files.wordpress.com\/2018\/02\/3.jpg?w=790\" alt=\"3\" class=\"wp-image-5948\"\/><\/figure>\n<\/div>\n\n\n<p>Voltando rapidamente aos her\u00f3is de Rio 2031, apesar deu ter comparado a X-Men, existe um outro detalhe, al\u00e9m do tempo de vida, que separa este da s\u00e9rie da Marvel. E por incr\u00edvel que pare\u00e7a tamb\u00e9m tem liga\u00e7\u00e3o com os poderes. Pois aqui um personagem com super velocidade n\u00e3o tem apenas super velocidade. Ele possui um poder complementar de super resist\u00eancia para aguentar o atrito durante a movimenta\u00e7\u00e3o. E na mesma \u00f3tica uma hero\u00edna com intangibilidade tamb\u00e9m possui levita\u00e7\u00e3o, assim evitando que ela atravesse o ch\u00e3o indeterminadamente. Ainda s\u00e3o <strong><a href=\"https:\/\/comicvine.gamespot.com\/quicksilver\/4005-1467\/\" target=\"_blank\" rel=\"noreferrer noopener\">Merc\u00fario<\/a><\/strong> e <strong><a href=\"https:\/\/comicvine.gamespot.com\/kitty-pryde\/4005-3548\/\" target=\"_blank\" rel=\"noreferrer noopener\">Lince Negra<\/a><\/strong>, porem com uma l\u00f3gica maior aplicada em cima dos poderes.<\/p>\n\n\n\n<p>E eles ganham vida gra\u00e7as ao Brasileiro Gabriel Picolo, o qual mencionei no come\u00e7o. Um ilustrador de m\u00e3o cheia, super gente fina, que tem ideias incr\u00edveis, como desenhar os Tit\u00e3s em roupa casual, o que lhe garantiu o trampo na DC, desenhar a famosa s\u00e9rie <strong><a href=\"https:\/\/picolo-kun.deviantart.com\/art\/365-Days-of-Doodles-504446016\" target=\"_blank\" rel=\"noreferrer noopener\">365 Days of Doodles<\/a><\/strong> e criar o \u201cromance moderno\u201d <strong><a href=\"https:\/\/antoniopimentablog.wordpress.com\/2016\/12\/27\/icarus-and-the-sun-por-gabriel-picolo\/\" target=\"_blank\" rel=\"noreferrer noopener\">\u00cdcaro e o Sol<\/a><\/strong>. Uma serie de ilustra\u00e7\u00f5es que coloca o mito cl\u00e1ssico como dois jovens apaixonados. Um favorito pessoal meu. Mas que n\u00e3o menciono atoa. Pois a personagem Sol serve claramente de base para a hero\u00edna <strong>Magick<\/strong>. O que me leva a pergunta, onde ele enfiou o gato preto em Rio 2031? Vou deixar essa solta para os f\u00e3s do Picolo responderem.<\/p>\n\n\n\n<p>E junto dele temos o italiano <strong>Giuseppe Andreozzi<\/strong>, o que torna essa uma obra \u00cdtalo-brasileira. Voc\u00ea provavelmente ouviu pouco dele, pois \u00e9 um cara focado mais em estudo, sendo fundador e professor de roteiro da <strong>Creativ Art School<\/strong>, e antes de ir para a Shockdom trabalhou apenas em um projeto, a s\u00e9rie de zumbis <strong>Mors tua<\/strong>. Sua primeira obra na editora foi <strong><a href=\"https:\/\/www.shockdom-store.com\/fumetti\/251-black-screen-9788893360487.html\" target=\"_blank\" rel=\"noreferrer noopener\">Black Screen<\/a><\/strong>, a qual ainda n\u00e3o tem previs\u00e3o de sair no Brasil.<\/p>\n\n\n<div class=\"wp-block-image\">\n<figure class=\"aligncenter\"><img data-recalc-dims=\"1\" decoding=\"async\" src=\"https:\/\/mangatom.files.wordpress.com\/2018\/02\/1.jpg?w=790\" alt=\"1.jpg\" class=\"wp-image-5946\"\/><\/figure>\n<\/div>\n\n\n<p>Com isso temos juntos 2 quadrinista bem experientes, que vieram polindo suas habilidades ao longo dos anos, mesmo que n\u00e3o fazendo HQ em si. O que n\u00e3o \u00e9 um dem\u00e9rito, pelo contr\u00e1rio. Falo de um ilustrador fant\u00e1stico de longa data e um roteirista que ensina milhares sua arte. Um time extremamente competente que trouxe uma das HQs de her\u00f3is mais interessantes dos \u00faltimos anos.<\/p>\n\n\n\n<p>\u00c9 algo excepcional? N\u00e3o. Mas \u00e9 um quadrinho de her\u00f3i muito bom! E isso que vale as vezes saca. Ignore os clich\u00eas de um g\u00eanero saturado e busque enxergar o diferencial. Eu tenho certeza que voc\u00ea ver\u00e1 isso em RIO 2031, e quem sabe nas outras series da Timed. T\u00e1 curioso? Pois bem, j\u00e1 dou uma canja. Pois nos dias seguintes eu vou resenhar aqui justamente os t\u00edtulos que d\u00e3o continuidade a ideia desse mundo, os quais s\u00e3o <strong><a href=\"https:\/\/www.shockdom-store.com.br\/quadrinhos\/295-vidas-de-papel.html\" target=\"_blank\" rel=\"noreferrer noopener\">Vidas de Papel<\/a><\/strong> e <strong><a href=\"https:\/\/www.shockdom-store.com.br\/quadrinhos\/294-o-canto-das-ondas-9788893360890.html\" target=\"_blank\" rel=\"noreferrer noopener\">O Canto das Ondas<\/a><\/strong>. Ainda n\u00e3o li essas, mas estou empolgad\u00edssimo!<\/p>\n\n\n\n<p>E voc\u00ea, o que achou de Rio 2031? Animou para ler? Achou uma ideia batida? O que acha que \u00e9 necess\u00e1rio para um HQ de her\u00f3i decolar? Comenta a\u00ed para a gente nos coment\u00e1rios. Ah, \u00e9 n\u00e3o deixa de curtir! Tem dessas no WordPress tamb\u00e9m. =P<\/p>\n\n\n\n<figure class=\"wp-block-pullquote\"><blockquote><p>Texto publicado originalmente em 21\/02\/2018<\/p><\/blockquote><\/figure>\n","protected":false},"excerpt":{"rendered":"<p>Recentemente fomos reapresentados a serie O Homem do Castelo Alto, um dos originais da Amazon Prime, o qual adapta o cl\u00e1ssico livro de Philip K.&hellip; <\/p>\n","protected":false},"author":1,"featured_media":4416,"comment_status":"open","ping_status":"open","sticky":false,"template":"","format":"standard","meta":{"_monsterinsights_skip_tracking":false,"_monsterinsights_sitenote_active":false,"_monsterinsights_sitenote_note":"","_monsterinsights_sitenote_category":0,"_jetpack_memberships_contains_paid_content":false,"footnotes":""},"categories":[80,149],"tags":[18,112,9,82,163,6,29,1084,1085,10,1088,158,173,361,7,146,8,27,28,1083,1086,360,362,1087],"class_list":["post-948","post","type-post","status-publish","format-standard","has-post-thumbnail","hentry","category-br","category-quadrinho","tag-acao","tag-analise","tag-banda-desenhada","tag-br","tag-brasileira","tag-comic","tag-critica","tag-europeu","tag-gabriel-picolo","tag-gibi","tag-giuseppe-andreozzi","tag-graphic-novel","tag-guerra","tag-herois","tag-hq","tag-mutantes","tag-quadrinho","tag-resenha","tag-review","tag-rio-2031","tag-shockdom","tag-super-herois","tag-super-poderes","tag-timed"],"jetpack_featured_media_url":"https:\/\/i0.wp.com\/mangatom.com.br\/wp-content\/uploads\/2021\/01\/rio2031.jpg?fit=1166%2C555&ssl=1","jetpack-related-posts":[{"id":560,"url":"https:\/\/mangatom.com.br\/?p=560","url_meta":{"origin":948,"position":0},"title":"On the Nanquim: Superior","author":"Mangatom","date":"dezembro 24, 2020","format":false,"excerpt":"Se voc\u00ea e f\u00e3 de quadrinhos ao menos uma vez j\u00e1 sonhou em ter algum tipo de super poder, seja algo perigoso, como controlar a gravida, \u00fatil, como se teleportar para n\u00e3o chegar atrasado(a), ou... pervertido, como ver a roupa intima de algu\u00e9m\u00a0com vis\u00e3o de raio-x. Sei bem que j\u00e1\u2026","rel":"","context":"Em &quot;Quadrinho&quot;","block_context":{"text":"Quadrinho","link":"https:\/\/mangatom.com.br\/?cat=149"},"img":{"alt_text":"","src":"https:\/\/i0.wp.com\/mangatom.com.br\/wp-content\/uploads\/2020\/12\/superior.jpg?fit=1166%2C555&ssl=1&resize=350%2C200","width":350,"height":200,"srcset":"https:\/\/i0.wp.com\/mangatom.com.br\/wp-content\/uploads\/2020\/12\/superior.jpg?fit=1166%2C555&ssl=1&resize=350%2C200 1x, https:\/\/i0.wp.com\/mangatom.com.br\/wp-content\/uploads\/2020\/12\/superior.jpg?fit=1166%2C555&ssl=1&resize=525%2C300 1.5x, https:\/\/i0.wp.com\/mangatom.com.br\/wp-content\/uploads\/2020\/12\/superior.jpg?fit=1166%2C555&ssl=1&resize=700%2C400 2x, https:\/\/i0.wp.com\/mangatom.com.br\/wp-content\/uploads\/2020\/12\/superior.jpg?fit=1166%2C555&ssl=1&resize=1050%2C600 3x"},"classes":[]},{"id":1075,"url":"https:\/\/mangatom.com.br\/?p=1075","url_meta":{"origin":948,"position":1},"title":"On the Nanquim: Superman: As 4 Esta\u00e7\u00f5es &#8211; O Slice of Life do homem de a\u00e7o","author":"Mangatom","date":"janeiro 25, 2021","format":false,"excerpt":"Inicialmente eu n\u00e3o era f\u00e3 do Superman. Um her\u00f3i cheio de poderes, praticamente invenc\u00edvel. Parecia ser uma leitura sem proposito, com final fixo. Ele sempre vence. Por mais que esse seja o padr\u00e3o de milhares de outras hist\u00f3rias, de outros personagens. O famoso clich\u00ea. Eu olhava aquilo e n\u00e3o acreditava\u2026","rel":"","context":"Em &quot;Quadrinho&quot;","block_context":{"text":"Quadrinho","link":"https:\/\/mangatom.com.br\/?cat=149"},"img":{"alt_text":"","src":"https:\/\/i0.wp.com\/mangatom.com.br\/wp-content\/uploads\/2021\/01\/superman-4estacoes.jpg?fit=1166%2C555&ssl=1&resize=350%2C200","width":350,"height":200,"srcset":"https:\/\/i0.wp.com\/mangatom.com.br\/wp-content\/uploads\/2021\/01\/superman-4estacoes.jpg?fit=1166%2C555&ssl=1&resize=350%2C200 1x, https:\/\/i0.wp.com\/mangatom.com.br\/wp-content\/uploads\/2021\/01\/superman-4estacoes.jpg?fit=1166%2C555&ssl=1&resize=525%2C300 1.5x, https:\/\/i0.wp.com\/mangatom.com.br\/wp-content\/uploads\/2021\/01\/superman-4estacoes.jpg?fit=1166%2C555&ssl=1&resize=700%2C400 2x, https:\/\/i0.wp.com\/mangatom.com.br\/wp-content\/uploads\/2021\/01\/superman-4estacoes.jpg?fit=1166%2C555&ssl=1&resize=1050%2C600 3x"},"classes":[]},{"id":735,"url":"https:\/\/mangatom.com.br\/?p=735","url_meta":{"origin":948,"position":2},"title":"Primeiras Impress\u00f5es: BLACK &#8211; Superpoderes para os negros!","author":"Mangatom","date":"janeiro 8, 2021","format":false,"excerpt":"J\u00e1 imaginou um mundo onde superpoderes s\u00e3o reais, por\u00e9m tal dom \u00e9 concedido apenas aos negros? \u00c9 com essa premissa que se inicia mais uma s\u00e9rie polemica da Black Mask, agora encarando de frente o racismo. Voc\u00ea pode at\u00e9 olhar e pensar, mas onde est\u00e1 a novidade nisso? X-Men, um\u2026","rel":"","context":"Em &quot;Quadrinho&quot;","block_context":{"text":"Quadrinho","link":"https:\/\/mangatom.com.br\/?cat=149"},"img":{"alt_text":"","src":"https:\/\/i0.wp.com\/mangatom.com.br\/wp-content\/uploads\/2021\/01\/black.jpg?fit=1166%2C555&ssl=1&resize=350%2C200","width":350,"height":200,"srcset":"https:\/\/i0.wp.com\/mangatom.com.br\/wp-content\/uploads\/2021\/01\/black.jpg?fit=1166%2C555&ssl=1&resize=350%2C200 1x, https:\/\/i0.wp.com\/mangatom.com.br\/wp-content\/uploads\/2021\/01\/black.jpg?fit=1166%2C555&ssl=1&resize=525%2C300 1.5x, https:\/\/i0.wp.com\/mangatom.com.br\/wp-content\/uploads\/2021\/01\/black.jpg?fit=1166%2C555&ssl=1&resize=700%2C400 2x, https:\/\/i0.wp.com\/mangatom.com.br\/wp-content\/uploads\/2021\/01\/black.jpg?fit=1166%2C555&ssl=1&resize=1050%2C600 3x"},"classes":[]},{"id":1631,"url":"https:\/\/mangatom.com.br\/?p=1631","url_meta":{"origin":948,"position":3},"title":"Participa\u00e7\u00e3o do Conversa \u00c9 Essa? 64 &#8211; Universo Animado DC","author":"Mangatom","date":"junho 11, 2021","format":false,"excerpt":"Se liga nisso! Saiu o epi novo do podcast #ConversaEEssa com participa\u00e7\u00e3o minha! Foi muito legal poder conversar com o @brunoptrajanoo sobre os filmes animados da DC! Confiram l\u00e1. https:\/\/open.spotify.com\/episode\/7FVHIGytywPcXyAQurrlSz?si=YAW9nE7wRyS4w6wbl9_iNA&dl_branch=1&nd=1 So lembrando, esse n\u00e3o \u00e9 um projeto do Mangatom. Apenas estou participando do episodio. Mas n\u00e3o custa nada ouvir e\u2026","rel":"","context":"Em &quot;Podcast&quot;","block_context":{"text":"Podcast","link":"https:\/\/mangatom.com.br\/?cat=835"},"img":{"alt_text":"","src":"https:\/\/i0.wp.com\/mangatom.com.br\/wp-content\/uploads\/2021\/06\/61a2026b8c0cd12d280d6ff0d7ce5f7881-05-batman-the-animated-series-feed.2x.rsocial.w600.webp?fit=1200%2C630&ssl=1&resize=350%2C200","width":350,"height":200,"srcset":"https:\/\/i0.wp.com\/mangatom.com.br\/wp-content\/uploads\/2021\/06\/61a2026b8c0cd12d280d6ff0d7ce5f7881-05-batman-the-animated-series-feed.2x.rsocial.w600.webp?fit=1200%2C630&ssl=1&resize=350%2C200 1x, https:\/\/i0.wp.com\/mangatom.com.br\/wp-content\/uploads\/2021\/06\/61a2026b8c0cd12d280d6ff0d7ce5f7881-05-batman-the-animated-series-feed.2x.rsocial.w600.webp?fit=1200%2C630&ssl=1&resize=525%2C300 1.5x, https:\/\/i0.wp.com\/mangatom.com.br\/wp-content\/uploads\/2021\/06\/61a2026b8c0cd12d280d6ff0d7ce5f7881-05-batman-the-animated-series-feed.2x.rsocial.w600.webp?fit=1200%2C630&ssl=1&resize=700%2C400 2x, https:\/\/i0.wp.com\/mangatom.com.br\/wp-content\/uploads\/2021\/06\/61a2026b8c0cd12d280d6ff0d7ce5f7881-05-batman-the-animated-series-feed.2x.rsocial.w600.webp?fit=1200%2C630&ssl=1&resize=1050%2C600 3x"},"classes":[]},{"id":2137,"url":"https:\/\/mangatom.com.br\/?p=2137","url_meta":{"origin":948,"position":4},"title":"A \u00daltima Ca\u00e7ada de Kraven &#8211; O Melhor do Aranha?","author":"Mangatom","date":"outubro 20, 2021","format":false,"excerpt":"Desde pequeno eu gostava muito do Homem-Aranha. Ele sempre foi um personagem carism\u00e1tico, e na \u00e9poca ele estava no auge. Al\u00e9m dos milhares de quadrinhos estava sendo exibida a fant\u00e1stica anima\u00e7\u00e3o de 1994 e produtos do aracn\u00eddeo apareciam em todo canto, com destaque aos bonecos e jogos de videogame. Antes\u2026","rel":"","context":"Em &quot;Quadrinho&quot;","block_context":{"text":"Quadrinho","link":"https:\/\/mangatom.com.br\/?cat=149"},"img":{"alt_text":"","src":"https:\/\/i0.wp.com\/mangatom.com.br\/wp-content\/uploads\/2021\/10\/Spider-Man-Kravens-Last-Hunt-Deluxe-Edition-2018-Digital-Zone-Empire.cbr-Spider-Man-Kravens-Last-Hunt-Deluxe-Edition-000-scaled-e1636590989496.jpg?fit=1200%2C1168&ssl=1&resize=350%2C200","width":350,"height":200,"srcset":"https:\/\/i0.wp.com\/mangatom.com.br\/wp-content\/uploads\/2021\/10\/Spider-Man-Kravens-Last-Hunt-Deluxe-Edition-2018-Digital-Zone-Empire.cbr-Spider-Man-Kravens-Last-Hunt-Deluxe-Edition-000-scaled-e1636590989496.jpg?fit=1200%2C1168&ssl=1&resize=350%2C200 1x, https:\/\/i0.wp.com\/mangatom.com.br\/wp-content\/uploads\/2021\/10\/Spider-Man-Kravens-Last-Hunt-Deluxe-Edition-2018-Digital-Zone-Empire.cbr-Spider-Man-Kravens-Last-Hunt-Deluxe-Edition-000-scaled-e1636590989496.jpg?fit=1200%2C1168&ssl=1&resize=525%2C300 1.5x, https:\/\/i0.wp.com\/mangatom.com.br\/wp-content\/uploads\/2021\/10\/Spider-Man-Kravens-Last-Hunt-Deluxe-Edition-2018-Digital-Zone-Empire.cbr-Spider-Man-Kravens-Last-Hunt-Deluxe-Edition-000-scaled-e1636590989496.jpg?fit=1200%2C1168&ssl=1&resize=700%2C400 2x, https:\/\/i0.wp.com\/mangatom.com.br\/wp-content\/uploads\/2021\/10\/Spider-Man-Kravens-Last-Hunt-Deluxe-Edition-2018-Digital-Zone-Empire.cbr-Spider-Man-Kravens-Last-Hunt-Deluxe-Edition-000-scaled-e1636590989496.jpg?fit=1200%2C1168&ssl=1&resize=1050%2C600 3x"},"classes":[]},{"id":450,"url":"https:\/\/mangatom.com.br\/?p=450","url_meta":{"origin":948,"position":5},"title":"Dai 10 \u2013 Um quadrinho que voc\u00ea gostou da adapta\u00e7\u00e3o","author":"Mangatom","date":"dezembro 15, 2020","format":false,"excerpt":"Nossa, j\u00e1 estou a tr\u00eas dias fazendo esse post...ok, mentira, na verdade eu passei muito mal mesmo, n\u00e3o de doen\u00e7a, mas de uma pequena crise de \u201cdepress\u00e3o\u201d. N\u00e3o gosto de levar isso ao p\u00fablico, mas acho que todos tem o direito de saber o porqu\u00ea dos atrasos. Quanto a pergunta,\u2026","rel":"","context":"Em &quot;Especial&quot;","block_context":{"text":"Especial","link":"https:\/\/mangatom.com.br\/?cat=309"},"img":{"alt_text":"","src":"https:\/\/i0.wp.com\/mangatom.com.br\/wp-content\/uploads\/2020\/12\/image.jpg?fit=1200%2C600&ssl=1&resize=350%2C200","width":350,"height":200,"srcset":"https:\/\/i0.wp.com\/mangatom.com.br\/wp-content\/uploads\/2020\/12\/image.jpg?fit=1200%2C600&ssl=1&resize=350%2C200 1x, https:\/\/i0.wp.com\/mangatom.com.br\/wp-content\/uploads\/2020\/12\/image.jpg?fit=1200%2C600&ssl=1&resize=525%2C300 1.5x, https:\/\/i0.wp.com\/mangatom.com.br\/wp-content\/uploads\/2020\/12\/image.jpg?fit=1200%2C600&ssl=1&resize=700%2C400 2x, https:\/\/i0.wp.com\/mangatom.com.br\/wp-content\/uploads\/2020\/12\/image.jpg?fit=1200%2C600&ssl=1&resize=1050%2C600 3x"},"classes":[]}],"jetpack_sharing_enabled":true,"_links":{"self":[{"href":"https:\/\/mangatom.com.br\/index.php?rest_route=\/wp\/v2\/posts\/948","targetHints":{"allow":["GET"]}}],"collection":[{"href":"https:\/\/mangatom.com.br\/index.php?rest_route=\/wp\/v2\/posts"}],"about":[{"href":"https:\/\/mangatom.com.br\/index.php?rest_route=\/wp\/v2\/types\/post"}],"author":[{"embeddable":true,"href":"https:\/\/mangatom.com.br\/index.php?rest_route=\/wp\/v2\/users\/1"}],"replies":[{"embeddable":true,"href":"https:\/\/mangatom.com.br\/index.php?rest_route=%2Fwp%2Fv2%2Fcomments&post=948"}],"version-history":[{"count":3,"href":"https:\/\/mangatom.com.br\/index.php?rest_route=\/wp\/v2\/posts\/948\/revisions"}],"predecessor-version":[{"id":5284,"href":"https:\/\/mangatom.com.br\/index.php?rest_route=\/wp\/v2\/posts\/948\/revisions\/5284"}],"wp:featuredmedia":[{"embeddable":true,"href":"https:\/\/mangatom.com.br\/index.php?rest_route=\/wp\/v2\/media\/4416"}],"wp:attachment":[{"href":"https:\/\/mangatom.com.br\/index.php?rest_route=%2Fwp%2Fv2%2Fmedia&parent=948"}],"wp:term":[{"taxonomy":"category","embeddable":true,"href":"https:\/\/mangatom.com.br\/index.php?rest_route=%2Fwp%2Fv2%2Fcategories&post=948"},{"taxonomy":"post_tag","embeddable":true,"href":"https:\/\/mangatom.com.br\/index.php?rest_route=%2Fwp%2Fv2%2Ftags&post=948"}],"curies":[{"name":"wp","href":"https:\/\/api.w.org\/{rel}","templated":true}]}}