{"id":753,"date":"2021-01-10T19:19:44","date_gmt":"2021-01-10T19:19:44","guid":{"rendered":"https:\/\/mangatom.com.br\/?p=753"},"modified":"2021-01-10T20:54:04","modified_gmt":"2021-01-10T20:54:04","slug":"picnik-e-quadrinhos","status":"publish","type":"post","link":"https:\/\/mangatom.com.br\/?p=753","title":{"rendered":"Picnik e Quadrinhos"},"content":{"rendered":"\n<figure class=\"wp-block-image\"><img data-recalc-dims=\"1\" decoding=\"async\" src=\"https:\/\/mangatom.files.wordpress.com\/2019\/07\/picnik.png?w=790\" alt=\"\"\/><\/figure>\n\n\n\n<p>Quem olha esse t\u00edtulo no m\u00ednimo fica curioso, ainda mais se n\u00e3o for de Bras\u00edlia \u00e9 entorno, e logo come\u00e7a a imaginar coisas como uma toalha estirada na grama, uma cesta de guloseimas e uma pilha de HQs para passar o dia na natureza sem deixar de lado o hobby.<\/p>\n\n\n\n<p>Algo que sem d\u00favida \u00e9 atrativo, e que um dia tenho de me p\u00f4r a experimentar, mas passa longe do real tema deste texto. Existe sim um amplo local aberto, e se quiser pode levar comida e se aconchegar na grama, apesar de ser prefer\u00edvel conhecer os diversos food trucks do evento e com certeza voc\u00ea n\u00e3o ter\u00e1 paz e sossego para ler ao som da m\u00fasica que contagia o festival.<\/p>\n\n\n\n<p><a href=\"https:\/\/www.facebook.com\/events\/204290546684298\/\" target=\"_blank\" rel=\"noreferrer noopener\"><strong>Picnik<\/strong><\/a> \u00e9 um evento itinerante que ocorre com frequ\u00eancia nas ruas e parques do DF, sempre levando ao p\u00fablico jovem um ar de aconchego com os j\u00e1 mencionados shows ao ar livre, estandes de palestras, arte e livros, roupas e bijus. Um pouco hipster, hippie, retro, mas sem d\u00favida moderno.<\/p>\n\n\n\n<div class=\"wp-block-image\"><figure class=\"aligncenter\"><a href=\"https:\/\/mangatom.wordpress.com\/2016\/12\/13\/picnik-e-quadrinhos\/aqui_tem_diversao_picnik\/\"><img data-recalc-dims=\"1\" decoding=\"async\" src=\"https:\/\/mangatom.files.wordpress.com\/2016\/12\/aqui_tem_diversao_picnik.jpg?w=790\" alt=\"aqui_tem_diversao_picnik\" class=\"wp-image-3863\"\/><\/a><\/figure><\/div>\n\n\n\n<p>Este ano ele ocorreu na <strong>Pra\u00e7a dos Cristais<\/strong>, um ponto tur\u00edstico bel\u00edssimo localizado a frente <strong>QG militar<\/strong>, que leva este nome devido a diversas esculturas localizadas no centro de um espelho d\u2019\u00e1gua e cercadas por cal\u00e7adas serpenteantes, grama rala e um jardim \u00fanico, diferente de tudo que j\u00e1 vi.<\/p>\n\n\n\n<p>\u00c9 para nos saudar no come\u00e7o dessa jornada, ve\u00edculos de guerra, algo apropriado pela localidade, mas ao mesmo tempo ir\u00f4nico, que eventualmente tiveram sua aten\u00e7\u00e3o retirada pelos carros da Coca-Cola que anualmente desfilam pelo Eixo e que se encontravam parados num estacionamento pr\u00f3ximo, ecoando aquele t\u00edpico e nost\u00e1lgico <em>jingle<\/em>.<\/p>\n\n\n\n<p>Sim, estamos a v\u00e9spera de comemorar mais um Natal, e para tal fiz uma parada antes de me dirigir ao evento, e n\u00e3o vejo por que n\u00e3o compartilhar aqui, fazendo voc\u00ea leitor conhecer um pouco mais de minha cidade. Falo da <a href=\"http:\/\/www.feiradatorredf.com.br\/\" target=\"_blank\" rel=\"noreferrer noopener\"><strong>Feira da Torre<\/strong><\/a>, e sua relativamente recente mudan\u00e7a, agora mais atrativa e f\u00e1cil de se locomover.<\/p>\n\n\n\n<div class=\"wp-block-image\"><figure class=\"aligncenter\"><a href=\"https:\/\/mangatom.wordpress.com\/2016\/12\/13\/picnik-e-quadrinhos\/feirat3-2\/\"><img data-recalc-dims=\"1\" decoding=\"async\" src=\"https:\/\/mangatom.files.wordpress.com\/2016\/12\/feirat31.jpg?w=790\" alt=\"feirat3\" class=\"wp-image-3870\"\/><\/a><\/figure><\/div>\n\n\n\n<p>Fiz l\u00e1 algumas compras para um amigo oculto, mas isso n\u00e3o interessa, e sim o delicioso acaraj\u00e9 da <strong>Barraca da Mainha<\/strong>, um ponto imperd\u00edvel para voc\u00ea que visita \u00e0 cidade, acredite, pois \u00e9 um dos melhores lanches de rua de Bras\u00edlia.<\/p>\n\n\n\n<div class=\"wp-block-image\"><figure class=\"aligncenter\"><a href=\"https:\/\/mangatom.wordpress.com\/2016\/12\/13\/picnik-e-quadrinhos\/acaraje3\/\"><img data-recalc-dims=\"1\" decoding=\"async\" src=\"https:\/\/mangatom.files.wordpress.com\/2016\/12\/acarajc3a93.jpg?w=790\" alt=\"acaraje3\" class=\"wp-image-3864\"\/><\/a><\/figure><\/div>\n\n\n\n<p>\u00c9 enquanto saboreava minha refei\u00e7\u00e3o, uma surpresa agrad\u00e1vel, uma ex-moradora de rua. Algo que deixa muitos incomodados, pelo simples pronunciar deste fato, apesar dela estar de colete, crach\u00e1 e vendendo exemplares da <a href=\"http:\/\/www.revistatracos.com.br\/\" target=\"_blank\" rel=\"noreferrer noopener\"><strong>Revista Tra\u00e7os<\/strong><\/a>. Um projeto criado atrav\u00e9s da lei de incentivo da cultura para diminuir o n\u00famero de pessoas morando ao relento. Algo que tamb\u00e9m marcou presen\u00e7a no Picnik, e por tal que fiz quest\u00e3o de puxar o gancho.<\/p>\n\n\n\n<p>A leitura \u00e9 uma das muitas coisas incentivadas atrav\u00e9s do evento, e isso obviamente inclui os quadrinistas, e foi muito bom ver a recep\u00e7\u00e3o que estes receberam do p\u00fablico. Me parece que atualmente, talvez pela populariza\u00e7\u00e3o de filmes de her\u00f3is ou mescla cada vez maior de nossa cultura com a japonesa, finalmente as pessoas est\u00e3o fugindo da \u201cnorma\u201d e encarando HQs como algo que n\u00e3o se destina apenas a crian\u00e7as e abra\u00e7ando a paix\u00e3o pelas palavras.<\/p>\n\n\n\n<p>Minha primeira parada na Ala Jupiter, destinada a quadrinhos e fanzines, foi com meu parceiro <a href=\"https:\/\/www.facebook.com\/max.andrade.5?fref=ts\" target=\"_blank\" rel=\"noreferrer noopener\"><strong>Max Andrade<\/strong><\/a> na promessa de comprar <a href=\"https:\/\/mangatom.wordpress.com\/2016\/07\/22\/resenha-em-massa-multipla-escolha-the-hype\/\" target=\"_blank\" rel=\"noreferrer noopener\"><strong>The Hype<\/strong><\/a> e os volumes restantes de <a href=\"http:\/\/www.toolschallenge.com.br\/\" target=\"_blank\" rel=\"noreferrer noopener\"><strong>Tools Challenge<\/strong><\/a>, os quais n\u00e3o tive como obter na <a href=\"http:\/\/www.ccxp.com.br\/\" target=\"_blank\" rel=\"noreferrer noopener\"><strong>CCXP<\/strong><\/a>. Conversamos l\u00e1 tamb\u00e9m sobre sua mais recente conquista, outra premia\u00e7\u00e3o na <a href=\"http:\/\/www.manga-audition.com\/\" target=\"_blank\" rel=\"noreferrer noopener\"><strong>SMA<\/strong><\/a>, a qual deixa ele mais perto de realizar o sonho de publicar no Jap\u00e3o. For\u00e7a MAX!<\/p>\n\n\n\n<div class=\"wp-block-image\"><figure class=\"aligncenter\"><a href=\"https:\/\/mangatom.wordpress.com\/2016\/12\/13\/picnik-e-quadrinhos\/kaiju\/\"><img data-recalc-dims=\"1\" decoding=\"async\" src=\"https:\/\/mangatom.files.wordpress.com\/2016\/12\/kaiju.jpg?w=790\" alt=\"kaiju\" class=\"wp-image-3876\"\/><\/a><\/figure><\/div>\n\n\n\n<p><strong><a rel=\"noreferrer noopener\" href=\"http:\/\/smacmag.net\/v\/sma6\/wanna-be-a-legend-by-paaf\/13487?_ga=1.165237311.1257061634.1481261639#1\" target=\"_blank\">Leia Wanna Be the Legend!! aqui.<\/a><\/strong><\/p>\n\n\n\n<p id=\"verdugo\"><\/p>\n\n\n\n<p>Na sequ\u00eancia conheci a simp\u00e1tica <a rel=\"noreferrer noopener\" href=\"https:\/\/www.facebook.com\/veronica.saiki?fref=ts\" target=\"_blank\"><strong>Ver\u00f4nica Saiki<\/strong><\/a>, criadora de <a rel=\"noreferrer noopener\" href=\"http:\/\/www.verdugooinacreditavel.com.br\/\" target=\"_blank\"><strong>Verdugo o Inacredit\u00e1vel<\/strong><\/a>, uma serie de tiras sobre um artista pl\u00e1stico literalmente inacredit\u00e1vel e vi em primeira m\u00e3o sua paix\u00e3o pelo trabalho. N\u00e3o aguentei e tive de adquirir o quadrinho de mesmo nome, que conta com hist\u00f3rias mais longas.<\/p>\n\n\n\n<p>Seu tra\u00e7o simp\u00e1tico, de profundidade criada por um belo sombreamento, tamb\u00e9m da vida a diversos produtos criados a partir de seus personagens, al\u00e9m de outros dois quadrinhos presentes no estande. <a href=\"http:\/\/www.onasilva.com.br\/livros.php#4345\" target=\"_blank\" rel=\"noreferrer noopener\"><strong>Grandes Enfermeiras<\/strong><\/a>, que conta a hist\u00f3ria de <a href=\"https:\/\/pt.wikipedia.org\/wiki\/Florence_Nightingale\" target=\"_blank\" rel=\"noreferrer noopener\"><strong>Florence Nightingale<\/strong><\/a> e <a href=\"https:\/\/pt.wikipedia.org\/wiki\/Ana_N%C3%A9ri\" target=\"_blank\" rel=\"noreferrer noopener\"><strong>Anna Nery<\/strong><\/a> e \u00e9 escrita por <a href=\"https:\/\/www.facebook.com\/ona.silva?fref=ts\" target=\"_blank\" rel=\"noreferrer noopener\"><strong>On\u00e3 Silva<\/strong><\/a>, e <a href=\"http:\/\/www.veronicasaiki.com.br\/2016\/10\/boa-noite-maria-lancamento-livro-em_9.html\" target=\"_blank\" rel=\"noreferrer noopener\"><strong>Boa Noite, Maria!<\/strong><\/a>, um conto infantil sem falas, contando apenas com p\u00e1ginas duplas, um \u00fanico cen\u00e1rio e uma personagem imaginativa.<\/p>\n\n\n\n<div class=\"wp-block-image\"><figure class=\"aligncenter\"><a href=\"https:\/\/mangatom.wordpress.com\/2016\/12\/13\/picnik-e-quadrinhos\/capa-verdugo-o-inacreditavel-procurados\/\"><img data-recalc-dims=\"1\" decoding=\"async\" src=\"https:\/\/mangatom.files.wordpress.com\/2016\/12\/capa-verdugo-o-inacreditc3a1vel-procurados.jpg?w=790\" alt=\"capa-verdugo-o-inacreditavel-procurados\" class=\"wp-image-3875\"\/><\/a><\/figure><\/div>\n\n\n\n<p>Depois, logo ao lado, conversamos com <a href=\"https:\/\/www.facebook.com\/danielchuis?fref=ts\" target=\"_blank\" rel=\"noreferrer noopener\"><strong>Daniel Chuis<\/strong><\/a>, diretor de cria\u00e7\u00e3o da <a href=\"http:\/\/www.monstrengo.com\/\" target=\"_blank\" rel=\"noreferrer noopener\"><strong>Monstrengo<\/strong><\/a> e um dos respons\u00e1veis, junto de <a href=\"https:\/\/www.facebook.com\/lima.neto.923?fref=ts\" target=\"_blank\" rel=\"noreferrer noopener\"><strong>Raimundo Lima<\/strong><\/a> e <strong>Filipe Rizzo<\/strong>, pelo projeto <a href=\"https:\/\/www.facebook.com\/brazillacomiccon\/?fref=ts\" target=\"_blank\" rel=\"noreferrer noopener\"><strong>Brazilla<\/strong><\/a>, uma colet\u00e2nea de quadrinhos roteirizada por diversos nomes do cinema de Bras\u00edlia e que conta com um conte\u00fado mais maduro e que me deixou salivando pela aquisi\u00e7\u00e3o.<\/p>\n\n\n\n<p>Destaque para nomes como <a href=\"https:\/\/www.facebook.com\/renesampaio?fref=ts\" target=\"_blank\" rel=\"noreferrer noopener\"><strong>Rene Sampaio<\/strong><\/a> (<a href=\"http:\/\/www.imdb.com\/title\/tt1869416\/\" target=\"_blank\" rel=\"noreferrer noopener\"><strong>Faroeste Caboclo<\/strong><\/a>), <a href=\"https:\/\/www.facebook.com\/bruna.spinola.90?fref=ts\" target=\"_blank\" rel=\"noreferrer noopener\"><strong>Bruna Spinola<\/strong><\/a> (<a href=\"http:\/\/gshow.globo.com\/novelas\/morde-e-assopra\/\" target=\"_blank\" rel=\"noreferrer noopener\"><strong>Morde e Assopra<\/strong><\/a>) e <a href=\"https:\/\/www.facebook.com\/marcus.ligocki?fref=ts\" target=\"_blank\" rel=\"noreferrer noopener\"><strong>Marcus Ligocki<\/strong> <\/a>(<a href=\"http:\/\/www.imdb.com\/title\/tt3445484\/?ref_=fn_al_tt_1\" target=\"_blank\" rel=\"noreferrer noopener\"><strong>O \u00daltimo Cine Drive-in<\/strong><\/a>). Lembrando que n\u00e3o se pode subestimar nenhum dos outros envolvidos, e que se for atr\u00e1s do HQ que seja para conhecer um pouco mais do cen\u00e1rio art\u00edstico da cidade.<\/p>\n\n\n\n<div class=\"wp-block-image\"><figure class=\"aligncenter\"><a href=\"https:\/\/mangatom.wordpress.com\/2016\/12\/13\/picnik-e-quadrinhos\/capa-brazilla\/\"><img data-recalc-dims=\"1\" decoding=\"async\" src=\"https:\/\/mangatom.files.wordpress.com\/2016\/12\/capa-brazilla.jpg?w=790\" alt=\"capa-brazilla\" class=\"wp-image-3874\"\/><\/a><\/figure><\/div>\n\n\n\n<p>Desviando um pouco demos de cara com <a href=\"https:\/\/www.facebook.com\/leonardo.maciel.79?fref=ts\" target=\"_blank\" rel=\"noreferrer noopener\"><strong>Leonardo Maciel<\/strong><\/a> e <a href=\"https:\/\/www.facebook.com\/wesleysamp?fref=ts\" target=\"_blank\" rel=\"noreferrer noopener\"><strong>Wesley Samp<\/strong><\/a>, talvez os nomes mais conhecidos do evento. Maciel voc\u00eas deve reconhecer como o ilustrador de <a href=\"https:\/\/www.hmmm.com.br\/livro-um-sabado-qualquer-exodo\" target=\"_blank\" rel=\"noreferrer noopener\"><strong>\u00caxodo<\/strong><\/a>, vers\u00e3o em quadrinho seriada da tira <a href=\"http:\/\/www.umsabadoqualquer.com\/\" target=\"_blank\" rel=\"noreferrer noopener\"><strong>Um S\u00e1bado Qualquer<\/strong><\/a>, de <a href=\"https:\/\/www.facebook.com\/carlosruas1?fref=ts\" target=\"_blank\" rel=\"noreferrer noopener\"><strong>Carlos Ruas<\/strong><\/a>, e que tamb\u00e9m levou ao festival <a href=\"http:\/\/www.macielcorporation.com\/page\/2\" target=\"_blank\" rel=\"noreferrer noopener\"><strong>Doido<\/strong><\/a>, um HQ c\u00f4mico satirizando desenhos antigos como <a href=\"https:\/\/pt.wikipedia.org\/wiki\/He-Man\" target=\"_blank\" rel=\"noreferrer noopener\"><strong>He-Man<\/strong><\/a> e <a href=\"https:\/\/pt.wikipedia.org\/wiki\/Dungeons_%26_Dragons_(s%C3%A9rie_animada)\" target=\"_blank\" rel=\"noreferrer noopener\"><strong>Caverna do Drag\u00e3o<\/strong><\/a>.<\/p>\n\n\n\n<div class=\"wp-block-image\"><figure class=\"aligncenter\"><a href=\"https:\/\/mangatom.wordpress.com\/2016\/12\/13\/picnik-e-quadrinhos\/32377f_e8f1a40365f74ce7b5b62c110ddfad02\/\"><img data-recalc-dims=\"1\" decoding=\"async\" src=\"https:\/\/mangatom.files.wordpress.com\/2016\/12\/32377f_e8f1a40365f74ce7b5b62c110ddfad02.jpg?w=790\" alt=\"32377f_e8f1a40365f74ce7b5b62c110ddfad02\" class=\"wp-image-3877\"\/><\/a><\/figure><\/div>\n\n\n\n<p>J\u00e1 Wesley \u00e9 respons\u00e1vel por diversas tiras publicadas no <a href=\"http:\/\/www.oslevadosdabreca.com\/\" target=\"_blank\" rel=\"noreferrer noopener\"><strong>Deposito do Wes<\/strong><\/a>, e coletadas em obras como <a href=\"http:\/\/depositodowes.lojaintegrada.com.br\/pre-venda-as-filosofias-de-recreio-de-paulo-e-wes\" target=\"_blank\" rel=\"noreferrer noopener\"><strong>Filosofias de Recreio<\/strong><\/a>, <a href=\"http:\/\/depositodowes.lojaintegrada.com.br\/deposito-do-wes-o-livro\" target=\"_blank\" rel=\"noreferrer noopener\"><strong>Deposito do Wes \u2013 O Livro <\/strong><\/a>e mais recentemente <a href=\"http:\/\/depositodowes.lojaintegrada.com.br\/cada-um-com-seus-problemas\" target=\"_blank\" rel=\"noreferrer noopener\"><strong>Cada Um Com Seus Problemas!<\/strong><\/a>, al\u00e9m de colaborar com a ic\u00f4nica revista <a href=\"https:\/\/pt.wikipedia.org\/wiki\/Mad_(revista)\" target=\"_blank\" rel=\"noreferrer noopener\"><strong>Mad<\/strong><\/a>.<\/p>\n\n\n\n<div class=\"wp-block-image\"><figure class=\"aligncenter\"><a href=\"https:\/\/mangatom.wordpress.com\/2016\/12\/13\/picnik-e-quadrinhos\/wes\/\"><img data-recalc-dims=\"1\" decoding=\"async\" src=\"https:\/\/mangatom.files.wordpress.com\/2016\/12\/wes.jpg?w=790\" alt=\"wes\" class=\"wp-image-3878\"\/><\/a><\/figure><\/div>\n\n\n\n<p>Infelizmente tivemos um probleminha com o trafego, dificultando nossa passagem, que se tornou um problem\u00e3o, nos empurrando para outro estande, da <a href=\"https:\/\/www.facebook.com\/revistaaerolito\/\" target=\"_blank\" rel=\"noreferrer noopener\"><strong>Revista Aerolito<\/strong><\/a>, onde conhecemos <a href=\"https:\/\/www.facebook.com\/lucmarqs?fref=ts\" target=\"_blank\" rel=\"noreferrer noopener\"><strong>Lucas Marques<\/strong><\/a>, o qual nos explicou mais sobre a publica\u00e7\u00e3o, a qual abriga uma colet\u00e2nea fant\u00e1stica de quadrinistas, incluindo o pr\u00f3prio Lucas, <a href=\"https:\/\/www.facebook.com\/brunoprosaiko2?fref=ts\" target=\"_blank\" rel=\"noreferrer noopener\"><strong>Bruno Prosaiko<\/strong><\/a> e <strong>Cau\u00ea Brand\u00e3o<\/strong>, e se dedica a temas que variam do terror a causas sociais.<\/p>\n\n\n\n<div class=\"wp-block-image\"><figure class=\"aligncenter\"><a href=\"https:\/\/mangatom.wordpress.com\/2016\/12\/13\/picnik-e-quadrinhos\/aerolito\/\"><img data-recalc-dims=\"1\" decoding=\"async\" src=\"https:\/\/mangatom.files.wordpress.com\/2016\/12\/aerolito.jpg?w=790\" alt=\"aerolito\" class=\"wp-image-3881\"\/><\/a><\/figure><\/div>\n\n\n\n<p>Nesse momento tivemos de dar uma pausa para um refresco na <a href=\"https:\/\/www.facebook.com\/viverzenfastfooddobem\/?fref=ts\" target=\"_blank\" rel=\"noreferrer noopener\"><strong>Viver Zen<\/strong><\/a> devido ao calor proporcionado pelas ilustra\u00e7\u00f5es <a href=\"https:\/\/www.facebook.com\/coletivodoinferno\/\" target=\"_blank\" rel=\"noreferrer noopener\"><strong>Do Inferno<\/strong><\/a> e depois retornamos para conferir a segunda fileira de artistas, a qual por sorte estava sem o fluxo absurdo de momentos atr\u00e1s. Nossa primeira parada? A <a href=\"http:\/\/www.editoranautilus.com.br\/\" target=\"_blank\" rel=\"noreferrer noopener\"><strong>Editora Nautilus<\/strong><\/a>.<\/p>\n\n\n\n<p>L\u00e1 conhecemos <a href=\"https:\/\/www.facebook.com\/miqueli.lucas?fref=ts\" target=\"_blank\" rel=\"noreferrer noopener\"><strong>Miqueli Lucas<\/strong><\/a>, autora dos livros <a href=\"http:\/\/www.editoranautilus.com.br\/claustrofobia\" target=\"_blank\" rel=\"noreferrer noopener\"><strong>Claustrofobia<\/strong><\/a>, uma jornada de auto descobrimento, e <a href=\"http:\/\/www.editoranautilus.com.br\/3997o49vp-claustrofobia\" target=\"_blank\" rel=\"noreferrer noopener\"><strong>Autobiografia Ficcional<\/strong><\/a>, um experimento liter\u00e1rio que visa imers\u00e3o por meio de <a href=\"https:\/\/pt.wikipedia.org\/wiki\/C%C3%B3digo_QR\" target=\"_blank\" rel=\"noreferrer noopener\"><strong>QR Codes<\/strong><\/a>, para assim trazer ao papel uma experi\u00eancia \u00fanica, antes so poss\u00edvel em meio digital. Apenas imagine estar lendo, fotografar um c\u00f3digo e ver uma pintura ou escutar uma m\u00fasica que completam o texto.<\/p>\n\n\n\n<p>Junto dela estava <a href=\"https:\/\/www.facebook.com\/luiz.reis.12177?fref=ts\" target=\"_blank\" rel=\"noreferrer noopener\"><strong>Luiz Reis<\/strong><\/a>, editor da Nautilus, o qual nos explicou as demais publica\u00e7\u00f5es, com destaque a <a href=\"http:\/\/www.editoranautilus.com.br\/bacanalvolume4\" target=\"_blank\" rel=\"noreferrer noopener\"><strong>Revista Bacanal<\/strong><\/a>, uma colet\u00e2nea de contos e poesias, sem tema aparente, e com belas ilustra\u00e7\u00f5es. Por fim, recebi convite para enviar meus trabalhos, e quem sabe sair numa pr\u00f3xima publica\u00e7\u00e3o.<\/p>\n\n\n\n<div class=\"wp-block-image\"><figure class=\"aligncenter\"><a href=\"https:\/\/mangatom.wordpress.com\/2016\/12\/13\/picnik-e-quadrinhos\/capabacanal-450x600\/\"><img data-recalc-dims=\"1\" height=\"600\" width=\"450\" decoding=\"async\" src=\"https:\/\/mangatom.files.wordpress.com\/2016\/12\/capabacanal-450x600.jpg?resize=450%2C600\" alt=\"capabacanal-450x600\" class=\"wp-image-3884\"\/><\/a><\/figure><\/div>\n\n\n\n<p>Essa que \u00e9 uma das melhores partes de um evento desse tipo, conhecer pessoas, expor seus trabalhos, e nesse ponto logico que n\u00e3o poderiam faltar as zines, HQs finas independentes e de pouca tiragem, muitas vezes apresentando o primeiro trabalho de um autor ou servindo de teste para uma nova ideia.<\/p>\n\n\n\n<p>\u00c9 assim foi a mesa do <a href=\"http:\/\/piratapernacurta.blogspot.com.br\/\" target=\"_blank\" rel=\"noreferrer noopener\"><strong>Pirata Perna Curta<\/strong><\/a>, um grupo de camaradas que publica tiras \u00e1speras de humor em lugares simples, como Blogspot, Facebook e nas p\u00e1ginas do <a href=\"http:\/\/www.correiobraziliense.com.br\/\" target=\"_blank\" rel=\"noreferrer noopener\"><strong>Correio Brasiliense<\/strong><\/a>, apenas o maior jornal da cidade \u00e9 sem d\u00favida um dos melhores do pa\u00eds. Recomendo fortemente darem uma olhada no trabalho dos caras, sobe o risco de perder horas clicando em \u201cver postagens mais antigas\u201d.<\/p>\n\n\n\n<div class=\"wp-block-image\"><figure class=\"aligncenter\"><a href=\"https:\/\/mangatom.wordpress.com\/2016\/12\/13\/picnik-e-quadrinhos\/15555666_1487894601238747_2025975134_n\/\"><img data-recalc-dims=\"1\" decoding=\"async\" src=\"https:\/\/mangatom.files.wordpress.com\/2016\/12\/15555666_1487894601238747_2025975134_n.jpg?w=790\" alt=\"15555666_1487894601238747_2025975134_n\" class=\"wp-image-3895\"\/><\/a><\/figure><\/div>\n\n\n\n<p>Quem tamb\u00e9m marcou presen\u00e7a ao lado dos bucaneiros de zines foi o <a href=\"https:\/\/www.facebook.com\/sindicato35\/?fref=ts\" target=\"_blank\" rel=\"noreferrer noopener\"><strong>Sindicato<\/strong><\/a>, o qual levou para o evento o <a href=\"https:\/\/www.facebook.com\/jornalpimba\" target=\"_blank\" rel=\"noreferrer noopener\"><strong>Jornal Pimba<\/strong><\/a>, primeira impress\u00e3o destinada exclusivamente a quadrinhos e que tamb\u00e9m conta com uma figura ic\u00f4nica do Correio, o ilustrador <a href=\"https:\/\/www.facebook.com\/caio.gomez.96?fref=ts\" target=\"_blank\" rel=\"noreferrer noopener\"><strong>Caio Gomez<\/strong><\/a>. Um projeto sem d\u00favida interessante que recomendo acompanharem.<\/p>\n\n\n\n<div class=\"wp-block-image\"><figure class=\"aligncenter\"><a href=\"https:\/\/mangatom.wordpress.com\/2016\/12\/13\/picnik-e-quadrinhos\/jornalpimba_01_capa1-6437a95eb8baed5f7d1a7f1eab17daa9-1024-1024\/\"><img data-recalc-dims=\"1\" decoding=\"async\" src=\"https:\/\/mangatom.files.wordpress.com\/2016\/12\/jornalpimba_01_capa1-6437a95eb8baed5f7d1a7f1eab17daa9-1024-1024.jpg?w=790\" alt=\"jornalpimba_01_capa1-6437a95eb8baed5f7d1a7f1eab17daa9-1024-1024\" class=\"wp-image-3886\"\/><\/a><\/figure><\/div>\n\n\n\n<p>Na sequ\u00eancia <a href=\"https:\/\/www.facebook.com\/catharina.baltar?fref=ts\" target=\"_blank\" rel=\"noreferrer noopener\"><strong>Catharina Baltar<\/strong><\/a>, uma ilustradora de m\u00e3o cheia que deixou a mim, e v\u00e1rios passantes, boquiabertos com <strong>Cerulean<\/strong>, um quadrinho espetacular sobre uma sereia que encontra um celular e por conta disso se torna viciada em tecnologia, o que gera um plot twist bem criativo e acaba criando uma vers\u00e3o moderna de Ariel. Por\u00e9m, apesar do enredo fant\u00e1stico, o que mais chamou a aten\u00e7\u00e3o foi a coloriza\u00e7\u00e3o em aquarela, algo que completa perfeitamente o clima da hist\u00f3ria e tem seu passo a passo apresentado em deliciosos extras.<\/p>\n\n\n\n<div class=\"wp-block-image\"><figure class=\"aligncenter\"><a href=\"https:\/\/mangatom.wordpress.com\/2016\/12\/13\/picnik-e-quadrinhos\/cerulean-catharina-baltar-capa\/\"><img data-recalc-dims=\"1\" decoding=\"async\" src=\"https:\/\/mangatom.files.wordpress.com\/2016\/12\/cerulean-catharina-baltar-capa.jpg?w=790\" alt=\"cerulean-catharina-baltar-capa\" class=\"wp-image-3887\"\/><\/a><\/figure><\/div>\n\n\n\n<p>Por fim, finalizando nosso passeio, conhecemos <a href=\"https:\/\/www.facebook.com\/DaniBolim\" target=\"_blank\" rel=\"noreferrer noopener\"><strong>Dani Bolinho<\/strong><\/a>, outro ilustrador, agora com foco maior no estilo oriental, e que devido a arte apresentada logo me toquei que se tratava de um quadrinistas, apesar de existir nem mesmo uma zine no estande. Isso pois ele publica online no site <a href=\"https:\/\/lutairreal.blogspot.com.br\/\" target=\"_blank\" rel=\"noreferrer noopener\"><strong>Luta Irreal<\/strong><\/a>, onde voc\u00ea encontra diversos one-shots de in\u00edcio de carreira, e no <a href=\"https:\/\/tapastic.com\/lutairreal\" target=\"_blank\" rel=\"noreferrer noopener\"><strong>Tapastic<\/strong><\/a>, local de seus trabalhos mais atuais.<\/p>\n\n\n\n<p>O destaque fica para <a href=\"https:\/\/tapastic.com\/episode\/251336\" target=\"_blank\" rel=\"noreferrer noopener\"><strong>Lobo Mau<\/strong><\/a>, uma hist\u00f3ria curta sem falas que pode facilmente se encaixar em diversas situa\u00e7\u00f5es, me lembrando inclusive de momentos que passei no col\u00e9gio, e <a href=\"https:\/\/tapastic.com\/episode\/375363\" target=\"_blank\" rel=\"noreferrer noopener\"><strong>Mo\u00e7o<\/strong><\/a>, uma tira que trata com humor de acontecimentos e problemas da vida de um transexual.<\/p>\n\n\n\n<div class=\"wp-block-image\"><figure class=\"aligncenter\"><a href=\"https:\/\/mangatom.wordpress.com\/2016\/12\/13\/picnik-e-quadrinhos\/12321275_682223098548012_8089223772474756579_n\/\"><img data-recalc-dims=\"1\" decoding=\"async\" src=\"https:\/\/mangatom.files.wordpress.com\/2016\/12\/12321275_682223098548012_8089223772474756579_n.jpg?w=790\" alt=\"12321275_682223098548012_8089223772474756579_n\" class=\"wp-image-3888\"\/><\/a><\/figure><\/div>\n\n\n\n<p>Todos estes, e mais alguns que infelizmente n\u00e3o pude conhecer no meio de tamanha muvuca, estavam presentes no evento Picnik gra\u00e7as a <a href=\"https:\/\/www.facebook.com\/GibiIncoerenteColetivo\/\" target=\"_blank\" rel=\"noreferrer noopener\"><strong>Incoerente Coletivo<\/strong><\/a>, um grupo de fanzineiros, quadrinistas e beberr\u00f5es que possuem uma revista de colet\u00e2neas de mesmo nome e uma irm\u00e3 menor, <strong>Metro<\/strong>, que conta historias focadas nos vag\u00f5es que transportam brasilienses diariamente.<\/p>\n\n\n\n<div class=\"wp-block-image\"><figure class=\"aligncenter\"><a href=\"https:\/\/mangatom.wordpress.com\/2016\/12\/13\/picnik-e-quadrinhos\/caf3e35eb8603795eaaf9b3f0a81fe2e\/\"><img data-recalc-dims=\"1\" decoding=\"async\" src=\"https:\/\/mangatom.files.wordpress.com\/2016\/12\/caf3e35eb8603795eaaf9b3f0a81fe2e.jpg?w=790\" alt=\"caf3e35eb8603795eaaf9b3f0a81fe2e\" class=\"wp-image-3889\"\/><\/a><\/figure><\/div>\n\n\n\n<p>Ent\u00e3o \u00e9 isso, este foi o <strong>Banca Sem Parede no Picnik (Final de Ano)<\/strong>, e espero que tenham curtido, conhecido um pouco mais de minha cidade e desses artistas incr\u00edveis. At\u00e9 a pr\u00f3xima!<\/p>\n\n\n\n<figure class=\"wp-block-pullquote\"><blockquote><p>Texto publicado originalmente em 13\/12\/2016<\/p><\/blockquote><\/figure>\n","protected":false},"excerpt":{"rendered":"<p>Quem olha esse t\u00edtulo no m\u00ednimo fica curioso, ainda mais se n\u00e3o for de Bras\u00edlia \u00e9 entorno, e logo come\u00e7a a imaginar coisas como uma&hellip; <\/p>\n","protected":false},"author":1,"featured_media":0,"comment_status":"open","ping_status":"open","sticky":false,"template":"","format":"standard","meta":{"_monsterinsights_skip_tracking":false,"_monsterinsights_sitenote_active":false,"_monsterinsights_sitenote_note":"","_monsterinsights_sitenote_category":0,"_jetpack_memberships_contains_paid_content":false,"footnotes":""},"categories":[309,149],"tags":[82,83,845,854,850,860,867,868,869,6,870,853,859,857,844,858,876,847,7,873,846,866,855,872,862,863,871,780,874,843,842,865,849,8,861,864,553,848,852,851,856,875],"class_list":["post-753","post","type-post","status-publish","format-standard","hentry","category-especial","category-quadrinho","tag-br","tag-brasileiro","tag-brasilia","tag-brazilla","tag-bsb","tag-cada-um-com-seus-problemas","tag-caio-gomez","tag-catharina-baltar","tag-cerulean","tag-comic","tag-dani-bolinho","tag-daniel-chuis","tag-deposito-do-wes","tag-doido","tag-evento","tag-exodo","tag-fanzine","tag-feira-da-torre","tag-hq","tag-incoerente-coletivo","tag-independente","tag-jornal-pimba","tag-leonardo-maciel","tag-lobo-mau","tag-lucas-marques","tag-luiz-reis","tag-luta-irreal","tag-max-andrade","tag-metro","tag-picnik","tag-picnik-e-quadrinhos","tag-pirata-perna-curta","tag-praca-dos-cristai","tag-quadrinho","tag-revista-aerolito","tag-revista-bacanal","tag-sma","tag-the-hype","tag-verdugo-o-inacreditavel","tag-veronica-saiki","tag-wesley-samp","tag-zine"],"jetpack_featured_media_url":"","jetpack-related-posts":[{"id":468,"url":"https:\/\/mangatom.com.br\/?p=468","url_meta":{"origin":753,"position":0},"title":"Dia 15 \u2013 Um quadrinho que lhe fez viajar","author":"Mangatom","date":"dezembro 15, 2020","format":false,"excerpt":"Considero essa uma das perguntas mais dif\u00edceis do desafio. S\u00e9rio, eu n\u00e3o tenho nem ideia de por onde come\u00e7ar. Afinal, qual o sentido da palavra \u201cviajar\u201d? Para facilitar as coisas vamos na defini\u00e7\u00e3o mais comum. Um quadrinho que me fez conhecer novos lugares, de prefer\u00eancia um que seja sobre viagens.\u2026","rel":"","context":"Em &quot;Especial&quot;","block_context":{"text":"Especial","link":"https:\/\/mangatom.com.br\/?cat=309"},"img":{"alt_text":"","src":"https:\/\/i0.wp.com\/mangatom.com.br\/wp-content\/uploads\/2020\/12\/19794634.gif?fit=496%2C243&ssl=1&resize=350%2C200","width":350,"height":200},"classes":[]},{"id":516,"url":"https:\/\/mangatom.com.br\/?p=516","url_meta":{"origin":753,"position":1},"title":"Dai 28 \u2013 Um \u00f3timo quadrinho para crian\u00e7as","author":"Mangatom","date":"dezembro 19, 2020","format":false,"excerpt":"Cara, n\u00e3o adianta, sou brasileiro e n\u00e3o podia dar outra se n\u00e3o Turma da Monica. Desde moleque venho acompanhando as aventuras da turminha e hoje em dia, quando tenho tempo livre, as vezes pego os gibis do meu irm\u00e3o pra dar uma folheada. Certamente ter\u00e1 gente reclamando, falando que o\u2026","rel":"","context":"Em &quot;Especial&quot;","block_context":{"text":"Especial","link":"https:\/\/mangatom.com.br\/?cat=309"},"img":{"alt_text":"","src":"https:\/\/i0.wp.com\/mangatom.com.br\/wp-content\/uploads\/2020\/12\/turma-da-monica-origem-criador-e-personagens.jpg?fit=1200%2C652&ssl=1&resize=350%2C200","width":350,"height":200,"srcset":"https:\/\/i0.wp.com\/mangatom.com.br\/wp-content\/uploads\/2020\/12\/turma-da-monica-origem-criador-e-personagens.jpg?fit=1200%2C652&ssl=1&resize=350%2C200 1x, https:\/\/i0.wp.com\/mangatom.com.br\/wp-content\/uploads\/2020\/12\/turma-da-monica-origem-criador-e-personagens.jpg?fit=1200%2C652&ssl=1&resize=525%2C300 1.5x, https:\/\/i0.wp.com\/mangatom.com.br\/wp-content\/uploads\/2020\/12\/turma-da-monica-origem-criador-e-personagens.jpg?fit=1200%2C652&ssl=1&resize=700%2C400 2x, https:\/\/i0.wp.com\/mangatom.com.br\/wp-content\/uploads\/2020\/12\/turma-da-monica-origem-criador-e-personagens.jpg?fit=1200%2C652&ssl=1&resize=1050%2C600 3x"},"classes":[]},{"id":447,"url":"https:\/\/mangatom.com.br\/?p=447","url_meta":{"origin":753,"position":2},"title":"Dai 09 \u2013 Um quadrinho que \u201cexplodiu sua cabe\u00e7a\u201d","author":"Mangatom","date":"dezembro 15, 2020","format":false,"excerpt":"Mind Blowing. Sempre vi usarem esse termo, em geral classificando acontecimentos inesperados ou enredo de dif\u00edcil entendimento. Eu pensei bastante e so me veio a mente Homunculos. Esse quadrinho possui partes muito surrealistas e cada mudan\u00e7a de enredo que nem sei o que dizer, apenas parem e leiam esse quadrinho.\u2026","rel":"","context":"Em &quot;Especial&quot;","block_context":{"text":"Especial","link":"https:\/\/mangatom.com.br\/?cat=309"},"img":{"alt_text":"","src":"https:\/\/i0.wp.com\/mangatom.com.br\/wp-content\/uploads\/2020\/12\/FhNhoU7WIAAw8M5.png?fit=1164%2C840&ssl=1&resize=350%2C200","width":350,"height":200,"srcset":"https:\/\/i0.wp.com\/mangatom.com.br\/wp-content\/uploads\/2020\/12\/FhNhoU7WIAAw8M5.png?fit=1164%2C840&ssl=1&resize=350%2C200 1x, https:\/\/i0.wp.com\/mangatom.com.br\/wp-content\/uploads\/2020\/12\/FhNhoU7WIAAw8M5.png?fit=1164%2C840&ssl=1&resize=525%2C300 1.5x, https:\/\/i0.wp.com\/mangatom.com.br\/wp-content\/uploads\/2020\/12\/FhNhoU7WIAAw8M5.png?fit=1164%2C840&ssl=1&resize=700%2C400 2x, https:\/\/i0.wp.com\/mangatom.com.br\/wp-content\/uploads\/2020\/12\/FhNhoU7WIAAw8M5.png?fit=1164%2C840&ssl=1&resize=1050%2C600 3x"},"classes":[]},{"id":500,"url":"https:\/\/mangatom.com.br\/?p=500","url_meta":{"origin":753,"position":3},"title":"Dia 23 \u2013 O Primeiro quadrinho que voc\u00ea comprou","author":"Mangatom","date":"dezembro 19, 2020","format":false,"excerpt":"Se me recordo bem foi Asterix, como posso me esquecer. Eu j\u00e1 tinha lido outros quadrinhos emprestados ou que meus pais compraram, mas o primeiro que realmente adquiri com meu dinheiro foi Asterix. Eu adorava os filmes (n\u00e3o os live-actions, n\u00e3o sou t\u00e3o novo assim) e n\u00e3o esperava a hora\u2026","rel":"","context":"Em &quot;Especial&quot;","block_context":{"text":"Especial","link":"https:\/\/mangatom.com.br\/?cat=309"},"img":{"alt_text":"","src":"https:\/\/i0.wp.com\/mangatom.com.br\/wp-content\/uploads\/2020\/12\/937428-asterix.jpg?fit=1016%2C1003&ssl=1&resize=350%2C200","width":350,"height":200,"srcset":"https:\/\/i0.wp.com\/mangatom.com.br\/wp-content\/uploads\/2020\/12\/937428-asterix.jpg?fit=1016%2C1003&ssl=1&resize=350%2C200 1x, https:\/\/i0.wp.com\/mangatom.com.br\/wp-content\/uploads\/2020\/12\/937428-asterix.jpg?fit=1016%2C1003&ssl=1&resize=525%2C300 1.5x, https:\/\/i0.wp.com\/mangatom.com.br\/wp-content\/uploads\/2020\/12\/937428-asterix.jpg?fit=1016%2C1003&ssl=1&resize=700%2C400 2x"},"classes":[]},{"id":444,"url":"https:\/\/mangatom.com.br\/?p=444","url_meta":{"origin":753,"position":4},"title":"Dai 08 \u2013 Um quadrinho deslumbrante","author":"Mangatom","date":"dezembro 15, 2020","format":false,"excerpt":"Deslumbrante, admir\u00e1vel, elegante, fascinante. Milhares de obras podem se encaixar como uma luva nesses sin\u00f4nimos, porem vou deixar um pouco de lado o enredo dessa vez e me concentrar apenas nas ilustra\u00e7\u00f5es. Existem diversos quadrinhos que me fazem ficar boquiaberto com sua arte, seja algo em tra\u00e7os realistas, como Green\u2026","rel":"","context":"Em &quot;Especial&quot;","block_context":{"text":"Especial","link":"https:\/\/mangatom.com.br\/?cat=309"},"img":{"alt_text":"","src":"https:\/\/i0.wp.com\/mangatom.com.br\/wp-content\/uploads\/2020\/12\/Pinocchio-069.jpg?fit=1200%2C866&ssl=1&resize=350%2C200","width":350,"height":200,"srcset":"https:\/\/i0.wp.com\/mangatom.com.br\/wp-content\/uploads\/2020\/12\/Pinocchio-069.jpg?fit=1200%2C866&ssl=1&resize=350%2C200 1x, https:\/\/i0.wp.com\/mangatom.com.br\/wp-content\/uploads\/2020\/12\/Pinocchio-069.jpg?fit=1200%2C866&ssl=1&resize=525%2C300 1.5x, https:\/\/i0.wp.com\/mangatom.com.br\/wp-content\/uploads\/2020\/12\/Pinocchio-069.jpg?fit=1200%2C866&ssl=1&resize=700%2C400 2x, https:\/\/i0.wp.com\/mangatom.com.br\/wp-content\/uploads\/2020\/12\/Pinocchio-069.jpg?fit=1200%2C866&ssl=1&resize=1050%2C600 3x"},"classes":[]},{"id":437,"url":"https:\/\/mangatom.com.br\/?p=437","url_meta":{"origin":753,"position":5},"title":"Dia 06 \u2013 Uma hist\u00f3ria real que voc\u00ea recomendaria para quem so gosta de ler fic\u00e7\u00e3o","author":"Mangatom","date":"dezembro 15, 2020","format":false,"excerpt":"Sem d\u00favida alguma Retalhos. Eu estou querendo falar desse quadrinho aqui no blog faz tempo, e parece que chegou a hora (isso n\u00e3o ser\u00e1 um review). Retalhos e um quadrinho auto biogr\u00e1fico escrito e ilustrado por Craig Tompson, um dos meus autores favoritos atualmente. O quadrinho conta o dia a\u2026","rel":"","context":"Em &quot;Especial&quot;","block_context":{"text":"Especial","link":"https:\/\/mangatom.com.br\/?cat=309"},"img":{"alt_text":"","src":"https:\/\/i0.wp.com\/mangatom.com.br\/wp-content\/uploads\/2020\/12\/1833.webp?fit=1200%2C720&ssl=1&resize=350%2C200","width":350,"height":200,"srcset":"https:\/\/i0.wp.com\/mangatom.com.br\/wp-content\/uploads\/2020\/12\/1833.webp?fit=1200%2C720&ssl=1&resize=350%2C200 1x, https:\/\/i0.wp.com\/mangatom.com.br\/wp-content\/uploads\/2020\/12\/1833.webp?fit=1200%2C720&ssl=1&resize=525%2C300 1.5x, https:\/\/i0.wp.com\/mangatom.com.br\/wp-content\/uploads\/2020\/12\/1833.webp?fit=1200%2C720&ssl=1&resize=700%2C400 2x, https:\/\/i0.wp.com\/mangatom.com.br\/wp-content\/uploads\/2020\/12\/1833.webp?fit=1200%2C720&ssl=1&resize=1050%2C600 3x"},"classes":[]}],"jetpack_sharing_enabled":true,"_links":{"self":[{"href":"https:\/\/mangatom.com.br\/index.php?rest_route=\/wp\/v2\/posts\/753","targetHints":{"allow":["GET"]}}],"collection":[{"href":"https:\/\/mangatom.com.br\/index.php?rest_route=\/wp\/v2\/posts"}],"about":[{"href":"https:\/\/mangatom.com.br\/index.php?rest_route=\/wp\/v2\/types\/post"}],"author":[{"embeddable":true,"href":"https:\/\/mangatom.com.br\/index.php?rest_route=\/wp\/v2\/users\/1"}],"replies":[{"embeddable":true,"href":"https:\/\/mangatom.com.br\/index.php?rest_route=%2Fwp%2Fv2%2Fcomments&post=753"}],"version-history":[{"count":5,"href":"https:\/\/mangatom.com.br\/index.php?rest_route=\/wp\/v2\/posts\/753\/revisions"}],"predecessor-version":[{"id":785,"href":"https:\/\/mangatom.com.br\/index.php?rest_route=\/wp\/v2\/posts\/753\/revisions\/785"}],"wp:attachment":[{"href":"https:\/\/mangatom.com.br\/index.php?rest_route=%2Fwp%2Fv2%2Fmedia&parent=753"}],"wp:term":[{"taxonomy":"category","embeddable":true,"href":"https:\/\/mangatom.com.br\/index.php?rest_route=%2Fwp%2Fv2%2Fcategories&post=753"},{"taxonomy":"post_tag","embeddable":true,"href":"https:\/\/mangatom.com.br\/index.php?rest_route=%2Fwp%2Fv2%2Ftags&post=753"}],"curies":[{"name":"wp","href":"https:\/\/api.w.org\/{rel}","templated":true}]}}