{"id":735,"date":"2021-01-08T19:58:52","date_gmt":"2021-01-08T19:58:52","guid":{"rendered":"https:\/\/mangatom.com.br\/?p=735"},"modified":"2022-05-11T18:16:44","modified_gmt":"2022-05-11T21:16:44","slug":"primeiras-impressoes-black-superpoderes-para-os-negros","status":"publish","type":"post","link":"https:\/\/mangatom.com.br\/?p=735","title":{"rendered":"Primeiras Impress\u00f5es: BLACK &#8211; Superpoderes para os negros!"},"content":{"rendered":"\n<p><strong><a href=\"https:\/\/mangatom.wordpress.com\/2016\/10\/08\/primeiras-impressoes-black-superpoderes-para-os-negros\/black\/\"><\/a><br><\/strong>J\u00e1 imaginou um mundo onde superpoderes s\u00e3o reais, por\u00e9m tal dom \u00e9 concedido apenas aos negros? \u00c9 com essa premissa que se inicia mais uma s\u00e9rie polemica da <a href=\"http:\/\/blackmaskstudios.com\/\" target=\"_blank\" rel=\"noreferrer noopener\"><strong>Black Mask<\/strong><\/a>, agora encarando de frente o racismo.<\/p>\n\n\n\n<p>Voc\u00ea pode at\u00e9 olhar e pensar, mas onde est\u00e1 a novidade nisso? <a href=\"http:\/\/comicvine.gamespot.com\/x-men\/4060-3173\/\" target=\"_blank\" rel=\"noreferrer noopener\"><strong>X-Men<\/strong><\/a>, um dos muitos t\u00edtulos homenageados nesse primeiro cap\u00edtulo, tem como um dos pontos do enredo a exclus\u00e3o de pessoas por conta de diferen\u00e7as, porem de maneira muito ampla. Tanto que alguns podem facilmente ignorar esse detalhe ou encar\u00e1-lo de forma completamente diferente, talvez enxergando uma esp\u00e9cie de combate ao bullying ou exclus\u00e3o de deficientes. Sem contar o <em>cast<\/em> de maioria branca.<\/p>\n\n\n\n<p>E ent\u00e3o temos t\u00edtulos famosos um pouco mais centrados na comunidade negra, como foi o caso de <a href=\"http:\/\/comicvine.gamespot.com\/static\/4005-26578\/\" target=\"_blank\" rel=\"noreferrer noopener\"><strong>Super Choque<\/strong><\/a>, ao menos quando era publicado pela <a href=\"http:\/\/milestone.media\/\" target=\"_blank\" rel=\"noreferrer noopener\"><strong>Milestone<\/strong><\/a>. Ao ser adquirido pela <a href=\"http:\/\/www.dccomics.com\/\" target=\"_blank\" rel=\"noreferrer noopener\"><strong>DC<\/strong><\/a> ele at\u00e9 teve alguns volumes mais centrados nisso, porem com o tempo se desvirtuou, levando ent\u00e3o a vers\u00e3o mais famosa onde ele \u00e9 mais um her\u00f3i negro em meio a uma comunidade branca. Um secund\u00e1rio que mal aparece e constantemente \u00e9 remodelado.<\/p>\n\n\n\n<figure class=\"wp-block-image\"><a href=\"https:\/\/mangatom.wordpress.com\/2016\/10\/08\/primeiras-impressoes-black-superpoderes-para-os-negros\/unnamed-1-3\/\"><img data-recalc-dims=\"1\" decoding=\"async\" src=\"https:\/\/mangatom.files.wordpress.com\/2016\/10\/unnamed-1.jpg?w=790\" alt=\"unnamed-1\" class=\"wp-image-3701\"\/><\/a><\/figure>\n\n\n\n<p>Talvez o melhor exemplo atual de her\u00f3i de cor seja <a href=\"http:\/\/comicvine.gamespot.com\/luke-cage\/4005-1450\/\" target=\"_blank\" rel=\"noreferrer noopener\"><strong>Luke Cage<\/strong><\/a>, o qual recentemente ganhou uma s\u00e9rie na <a href=\"https:\/\/www.netflix.com\/\" target=\"_blank\" rel=\"noreferrer noopener\"><strong>Netflix<\/strong><\/a>. Tanto que o principal de <a href=\"http:\/\/blackmaskstudios.com\/black\/\" target=\"_blank\" rel=\"noreferrer noopener\"><strong>BLACK<\/strong><\/a>, Kareem, tem os mesmos poderes de <strong>Power Man<\/strong>, ou seja, um corpo indestrut\u00edvel. Podendo talvez ultrapassar o mesmo, levando a uma esp\u00e9cie de <a href=\"http:\/\/comicvine.gamespot.com\/superman\/4005-1807\/\" target=\"_blank\" rel=\"noreferrer noopener\"><strong>Super-Homem<\/strong><\/a> alternativo, o que seria um ponto at\u00e9 que interessante. E como tal um s\u00edmbolo de esperan\u00e7a.<\/p>\n\n\n\n<p>Est\u00e3o entendendo a diferen\u00e7a? Enquanto BLACK pega elementos de diversas outras obras, incluindo a defini\u00e7\u00e3o de quirks de <a href=\"https:\/\/www.mangaupdates.com\/series.html?id=112459\" target=\"_blank\" rel=\"noreferrer noopener\"><strong>My Hero Academia<\/strong><\/a>, algo que eu sinceramente n\u00e3o esperava e que ficou muito bem bolado, a maioria s\u00e3o apenas homenagens do autor. Como \u00e9 o caso de um pequeno painel com 4 quadros dando destaque a poderes iguais aos do <a href=\"http:\/\/comicvine.gamespot.com\/fantastic-four\/4060-3804\/\" target=\"_blank\" rel=\"noreferrer noopener\"><strong>Quarteto Fant\u00e1stico<\/strong><\/a>.<\/p>\n\n\n\n<p>E porque BLACK faz isso, correndo o risco de soar como pl\u00e1gio? Pois toda essa quest\u00e3o de super-her\u00f3is n\u00e3o importa. Isso que separa a obra de t\u00edtulos como X-Men, Super Choque ou at\u00e9 mesmo Luke Cage. Os poderes s\u00e3o um chamariz, um pretexto, assim como todo esse <em>fanservice<\/em>, para tratar de quest\u00f5es sociais s\u00e9rias.<\/p>\n\n\n\n<figure class=\"wp-block-image\"><a href=\"https:\/\/mangatom.wordpress.com\/2016\/10\/08\/primeiras-impressoes-black-superpoderes-para-os-negros\/unnamed-4-2\/\"><img data-recalc-dims=\"1\" decoding=\"async\" src=\"https:\/\/mangatom.files.wordpress.com\/2016\/10\/unnamed-4.jpg?w=790\" alt=\"unnamed-4\" class=\"wp-image-3704\"\/><\/a><\/figure>\n\n\n\n<p>O HQ come\u00e7a com uma policial narrando a indiferen\u00e7a de seus colegas com os negros, mostrando uma chamada de r\u00e1dio para uma a\u00e7\u00e3o que poderia incriminar qualquer pessoa desavisada como suspeita e que culmina num grupo de 3 jovens sendo fuzilados em local p\u00fablico.<\/p>\n\n\n\n<p>Uma realidade triste a qual \u00e9 comum em v\u00e1rios bairros de maioria negra, principalmente nos estados unidos, foco central da obra. Um pa\u00eds que pela sua hist\u00f3ria j\u00e1 deveria ter dado um cabo nessa quest\u00e3o do racismo h\u00e1 um bom tempo. Mas faltam campanhas do governo e ensinamento em locais b\u00e1sicos, como escolas ou a pr\u00f3pria casa. E o mesmo vale para o resto do mundo.<\/p>\n\n\n\n<p>Isso \u00e9 algo que deveria ser aplicado desde cedo, por isso a import\u00e2ncia de quadrinhos que retratam esses temas. Seja de forma seria como BLACK, num meio termo, o qual ao menos coloca o leitor em outro ambiente, como em Luke Cage, ou com as editoras mostrando que negros podem sim ser algo mais, tal como ocorre com <a href=\"http:\/\/comicvine.gamespot.com\/ironheart\/4005-129909\/\" target=\"_blank\" rel=\"noreferrer noopener\"><strong>Ironheart<\/strong><\/a>, a sucessora do <strong><a href=\"http:\/\/comicvine.gamespot.com\/iron-man\/4005-1455\/\" target=\"_blank\" rel=\"noreferrer noopener\">Homem de Ferro<\/a><\/strong>.<\/p>\n\n\n\n<figure class=\"wp-block-image\"><a href=\"https:\/\/mangatom.wordpress.com\/2016\/10\/08\/primeiras-impressoes-black-superpoderes-para-os-negros\/unnamed-5-3\/\"><img data-recalc-dims=\"1\" decoding=\"async\" src=\"https:\/\/mangatom.files.wordpress.com\/2016\/10\/unnamed-5.jpg?w=790\" alt=\"unnamed-5\" class=\"wp-image-3705\"\/><\/a><\/figure>\n\n\n\n<p>Mas talvez o ponto de maior impacto, e import\u00e2ncia, em BLACK, sejam as cores. Nenhuma. O quadrinho \u00e9 inteiramente composto por tons de cinza, assim fazendo com que todos os personagens sejam iguais, ao menos nesse aspecto, demonstrando claramente o qu\u00e3o f\u00fatil \u00e9 dividirmos nosso povo por cor de pele.<\/p>\n\n\n\n<blockquote class=\"wp-block-quote is-layout-flow wp-block-quote-is-layout-flow\"><p>&#8220;I am America. I am the part you won&#8217;t recognize. But get used to me. Black, confident, cocky; my name, not yours; my religion, not yours; my goals, my own; get used to me.&#8221;<\/p><p>Muhammad Ali&nbsp;(1942)<\/p><\/blockquote>\n\n\n\n<figure class=\"wp-block-pullquote\"><blockquote><p>Texto publicado originalmente em 08\/10\/2016<\/p><\/blockquote><\/figure>\n","protected":false},"excerpt":{"rendered":"<p>J\u00e1 imaginou um mundo onde superpoderes s\u00e3o reais, por\u00e9m tal dom \u00e9 concedido apenas aos negros? \u00c9 com essa premissa que se inicia mais uma&hellip; <\/p>\n","protected":false},"author":1,"featured_media":4010,"comment_status":"open","ping_status":"open","sticky":false,"template":"","format":"standard","meta":{"_monsterinsights_skip_tracking":false,"_monsterinsights_sitenote_active":false,"_monsterinsights_sitenote_note":"","_monsterinsights_sitenote_category":0,"_jetpack_memberships_contains_paid_content":false,"footnotes":""},"categories":[149],"tags":[18,813,568,6,17,361,814,816,817,8,818,360,362],"class_list":["post-735","post","type-post","status-publish","format-standard","has-post-thumbnail","hentry","category-quadrinho","tag-acao","tag-black","tag-black-mask","tag-comic","tag-drama","tag-herois","tag-jamaal-igle","tag-kwanza-osajyefo","tag-negros","tag-quadrinho","tag-recismo","tag-super-herois","tag-super-poderes"],"jetpack_featured_media_url":"https:\/\/i0.wp.com\/mangatom.com.br\/wp-content\/uploads\/2021\/01\/black.jpg?fit=1166%2C555&ssl=1","jetpack-related-posts":[{"id":3944,"url":"https:\/\/mangatom.com.br\/?p=3944","url_meta":{"origin":735,"position":0},"title":"O M\u00e1scara &#8211; Ningu\u00e9m segura esse!","author":"Mangatom","date":"julho 20, 2022","format":false,"excerpt":"Em 2019 \u201cO M\u00e1skara\u201d momentaneamente voltou a ser o assunto do momento. Jim Carrey novamente se viu em alta, gra\u00e7as a sua participa\u00e7\u00e3o como Eggman no \u00f3timo filme Sonic The Hedgehog, e boa parte dos f\u00e3s lembrou por tabela como o filme O M\u00e1skara, de 1994, marcou a carreira do\u2026","rel":"","context":"Em &quot;Quadrinho&quot;","block_context":{"text":"Quadrinho","link":"https:\/\/mangatom.com.br\/?cat=149"},"img":{"alt_text":"","src":"https:\/\/i0.wp.com\/mangatom.com.br\/wp-content\/uploads\/2022\/07\/themask.jpg?fit=1166%2C555&ssl=1&resize=350%2C200","width":350,"height":200,"srcset":"https:\/\/i0.wp.com\/mangatom.com.br\/wp-content\/uploads\/2022\/07\/themask.jpg?fit=1166%2C555&ssl=1&resize=350%2C200 1x, https:\/\/i0.wp.com\/mangatom.com.br\/wp-content\/uploads\/2022\/07\/themask.jpg?fit=1166%2C555&ssl=1&resize=525%2C300 1.5x, https:\/\/i0.wp.com\/mangatom.com.br\/wp-content\/uploads\/2022\/07\/themask.jpg?fit=1166%2C555&ssl=1&resize=700%2C400 2x, https:\/\/i0.wp.com\/mangatom.com.br\/wp-content\/uploads\/2022\/07\/themask.jpg?fit=1166%2C555&ssl=1&resize=1050%2C600 3x"},"classes":[]},{"id":589,"url":"https:\/\/mangatom.com.br\/?p=589","url_meta":{"origin":735,"position":1},"title":"On the Nanquim: Toe Tag Riot","author":"Mangatom","date":"janeiro 4, 2021","format":false,"excerpt":"Primeiramente devo refor\u00e7ar que eu n\u00e3o sou f\u00e3 do estilo punk, apesar de curtir algumas m\u00fasicas. Ao mesmo tempo quero agradecer a editora Black Mask, a qual vem nos fornecendo o material para esse tipo de post. Sendo assim, caso sinta que esta parceria ou o fato deu n\u00e3o gostar\u2026","rel":"","context":"Em &quot;Quadrinho&quot;","block_context":{"text":"Quadrinho","link":"https:\/\/mangatom.com.br\/?cat=149"},"img":{"alt_text":"","src":"https:\/\/i0.wp.com\/mangatom.com.br\/wp-content\/uploads\/2021\/01\/toetagriot.png?fit=1166%2C555&ssl=1&resize=350%2C200","width":350,"height":200,"srcset":"https:\/\/i0.wp.com\/mangatom.com.br\/wp-content\/uploads\/2021\/01\/toetagriot.png?fit=1166%2C555&ssl=1&resize=350%2C200 1x, https:\/\/i0.wp.com\/mangatom.com.br\/wp-content\/uploads\/2021\/01\/toetagriot.png?fit=1166%2C555&ssl=1&resize=525%2C300 1.5x, https:\/\/i0.wp.com\/mangatom.com.br\/wp-content\/uploads\/2021\/01\/toetagriot.png?fit=1166%2C555&ssl=1&resize=700%2C400 2x, https:\/\/i0.wp.com\/mangatom.com.br\/wp-content\/uploads\/2021\/01\/toetagriot.png?fit=1166%2C555&ssl=1&resize=1050%2C600 3x"},"classes":[]},{"id":731,"url":"https:\/\/mangatom.com.br\/?p=731","url_meta":{"origin":735,"position":2},"title":"Primeiras Impress\u00f5es: The Forevers","author":"Mangatom","date":"janeiro 8, 2021","format":false,"excerpt":"Um grupo de pessoas se re\u00fane a noite e ateiam fogo numa vasta plan\u00edcie, a qual ganha um serpenteado de cor purpura incandescente e fosforo branco. Sete pessoas, um come\u00e7o, um mist\u00e9rio. Ent\u00e3o avan\u00e7amos dez anos, onde acompanhamos Jamie Ashby e Daisy Cates, respectivamente os n\u00fameros 1 e 5 desse\u2026","rel":"","context":"Em &quot;Quadrinho&quot;","block_context":{"text":"Quadrinho","link":"https:\/\/mangatom.com.br\/?cat=149"},"img":{"alt_text":"","src":"https:\/\/i0.wp.com\/mangatom.com.br\/wp-content\/uploads\/2021\/01\/the-forevers.jpg?fit=1166%2C555&ssl=1&resize=350%2C200","width":350,"height":200,"srcset":"https:\/\/i0.wp.com\/mangatom.com.br\/wp-content\/uploads\/2021\/01\/the-forevers.jpg?fit=1166%2C555&ssl=1&resize=350%2C200 1x, https:\/\/i0.wp.com\/mangatom.com.br\/wp-content\/uploads\/2021\/01\/the-forevers.jpg?fit=1166%2C555&ssl=1&resize=525%2C300 1.5x, https:\/\/i0.wp.com\/mangatom.com.br\/wp-content\/uploads\/2021\/01\/the-forevers.jpg?fit=1166%2C555&ssl=1&resize=700%2C400 2x, https:\/\/i0.wp.com\/mangatom.com.br\/wp-content\/uploads\/2021\/01\/the-forevers.jpg?fit=1166%2C555&ssl=1&resize=1050%2C600 3x"},"classes":[]},{"id":623,"url":"https:\/\/mangatom.com.br\/?p=623","url_meta":{"origin":735,"position":3},"title":"Primeiras Impress\u00f5es: The Disciples","author":"Mangatom","date":"janeiro 4, 2021","format":false,"excerpt":"Mais um post da Black Mask, cap\u00edtulo um, voc\u00eas j\u00e1 sabem as paradas. Hoje temos o sci-fi, ou fic\u00e7\u00e3o cientifica para os leigos, The Disciples. Obra escrita por nada mais, nada menos, que Steve Niles, fundador da editora e autor do famoso 30 Dias de Noite. As ilustra\u00e7\u00f5es ficam a\u2026","rel":"","context":"Em &quot;Quadrinho&quot;","block_context":{"text":"Quadrinho","link":"https:\/\/mangatom.com.br\/?cat=149"},"img":{"alt_text":"","src":"https:\/\/i0.wp.com\/mangatom.com.br\/wp-content\/uploads\/2021\/01\/the-disciples.jpg?fit=1166%2C555&ssl=1&resize=350%2C200","width":350,"height":200,"srcset":"https:\/\/i0.wp.com\/mangatom.com.br\/wp-content\/uploads\/2021\/01\/the-disciples.jpg?fit=1166%2C555&ssl=1&resize=350%2C200 1x, https:\/\/i0.wp.com\/mangatom.com.br\/wp-content\/uploads\/2021\/01\/the-disciples.jpg?fit=1166%2C555&ssl=1&resize=525%2C300 1.5x, https:\/\/i0.wp.com\/mangatom.com.br\/wp-content\/uploads\/2021\/01\/the-disciples.jpg?fit=1166%2C555&ssl=1&resize=700%2C400 2x, https:\/\/i0.wp.com\/mangatom.com.br\/wp-content\/uploads\/2021\/01\/the-disciples.jpg?fit=1166%2C555&ssl=1&resize=1050%2C600 3x"},"classes":[]},{"id":865,"url":"https:\/\/mangatom.com.br\/?p=865","url_meta":{"origin":735,"position":4},"title":"Primeiras Impress\u00f5es: The Dregs &#8211; A Sarjeta de Vancouver","author":"Mangatom","date":"janeiro 23, 2021","format":false,"excerpt":"Eu pretendia come\u00e7ar esse texto brincando com o que as pessoas poderiam entender pelo t\u00edtulo da obra, citando RuPaul's Drag Race e perguntando se algu\u00e9m conhece uma HQ que aborde drag queens de um \u00e2ngulo mais dram\u00e1tico, talvez com uma pegada meio Hourou Musuko. Porem eu n\u00e3o estava preparado para\u2026","rel":"","context":"Em &quot;Quadrinho&quot;","block_context":{"text":"Quadrinho","link":"https:\/\/mangatom.com.br\/?cat=149"},"img":{"alt_text":"","src":"https:\/\/i0.wp.com\/mangatom.com.br\/wp-content\/uploads\/2021\/01\/the-dregs.jpg?fit=1166%2C555&ssl=1&resize=350%2C200","width":350,"height":200,"srcset":"https:\/\/i0.wp.com\/mangatom.com.br\/wp-content\/uploads\/2021\/01\/the-dregs.jpg?fit=1166%2C555&ssl=1&resize=350%2C200 1x, https:\/\/i0.wp.com\/mangatom.com.br\/wp-content\/uploads\/2021\/01\/the-dregs.jpg?fit=1166%2C555&ssl=1&resize=525%2C300 1.5x, https:\/\/i0.wp.com\/mangatom.com.br\/wp-content\/uploads\/2021\/01\/the-dregs.jpg?fit=1166%2C555&ssl=1&resize=700%2C400 2x, https:\/\/i0.wp.com\/mangatom.com.br\/wp-content\/uploads\/2021\/01\/the-dregs.jpg?fit=1166%2C555&ssl=1&resize=1050%2C600 3x"},"classes":[]},{"id":568,"url":"https:\/\/mangatom.com.br\/?p=568","url_meta":{"origin":735,"position":5},"title":"Primeiras Impress\u00f5es &#8211; We Can Never Go Home","author":"Mangatom","date":"dezembro 25, 2020","format":false,"excerpt":"Caso n\u00e3o tenha ouvido falar desse HQ a explica\u00e7\u00e3o \u00e9 simples, ainda n\u00e3o foi lan\u00e7ada nos Estados Unidos. Recentemente entrei em contato com a Black Mask Studios, editora fundada por Matt Pizzolo, Steve Niles e Brett Gurewitz, e fiz um acordo para receber lan\u00e7amentos em ordem de escrever previews. Por\u2026","rel":"","context":"Em &quot;Quadrinho&quot;","block_context":{"text":"Quadrinho","link":"https:\/\/mangatom.com.br\/?cat=149"},"img":{"alt_text":"","src":"https:\/\/i0.wp.com\/mangatom.com.br\/wp-content\/uploads\/2020\/12\/we-can-never-go-home.jpg?fit=1166%2C555&ssl=1&resize=350%2C200","width":350,"height":200,"srcset":"https:\/\/i0.wp.com\/mangatom.com.br\/wp-content\/uploads\/2020\/12\/we-can-never-go-home.jpg?fit=1166%2C555&ssl=1&resize=350%2C200 1x, https:\/\/i0.wp.com\/mangatom.com.br\/wp-content\/uploads\/2020\/12\/we-can-never-go-home.jpg?fit=1166%2C555&ssl=1&resize=525%2C300 1.5x, https:\/\/i0.wp.com\/mangatom.com.br\/wp-content\/uploads\/2020\/12\/we-can-never-go-home.jpg?fit=1166%2C555&ssl=1&resize=700%2C400 2x, https:\/\/i0.wp.com\/mangatom.com.br\/wp-content\/uploads\/2020\/12\/we-can-never-go-home.jpg?fit=1166%2C555&ssl=1&resize=1050%2C600 3x"},"classes":[]}],"jetpack_sharing_enabled":true,"_links":{"self":[{"href":"https:\/\/mangatom.com.br\/index.php?rest_route=\/wp\/v2\/posts\/735","targetHints":{"allow":["GET"]}}],"collection":[{"href":"https:\/\/mangatom.com.br\/index.php?rest_route=\/wp\/v2\/posts"}],"about":[{"href":"https:\/\/mangatom.com.br\/index.php?rest_route=\/wp\/v2\/types\/post"}],"author":[{"embeddable":true,"href":"https:\/\/mangatom.com.br\/index.php?rest_route=\/wp\/v2\/users\/1"}],"replies":[{"embeddable":true,"href":"https:\/\/mangatom.com.br\/index.php?rest_route=%2Fwp%2Fv2%2Fcomments&post=735"}],"version-history":[{"count":2,"href":"https:\/\/mangatom.com.br\/index.php?rest_route=\/wp\/v2\/posts\/735\/revisions"}],"predecessor-version":[{"id":4027,"href":"https:\/\/mangatom.com.br\/index.php?rest_route=\/wp\/v2\/posts\/735\/revisions\/4027"}],"wp:featuredmedia":[{"embeddable":true,"href":"https:\/\/mangatom.com.br\/index.php?rest_route=\/wp\/v2\/media\/4010"}],"wp:attachment":[{"href":"https:\/\/mangatom.com.br\/index.php?rest_route=%2Fwp%2Fv2%2Fmedia&parent=735"}],"wp:term":[{"taxonomy":"category","embeddable":true,"href":"https:\/\/mangatom.com.br\/index.php?rest_route=%2Fwp%2Fv2%2Fcategories&post=735"},{"taxonomy":"post_tag","embeddable":true,"href":"https:\/\/mangatom.com.br\/index.php?rest_route=%2Fwp%2Fv2%2Ftags&post=735"}],"curies":[{"name":"wp","href":"https:\/\/api.w.org\/{rel}","templated":true}]}}