{"id":727,"date":"2021-01-08T19:47:44","date_gmt":"2021-01-08T19:47:44","guid":{"rendered":"https:\/\/mangatom.com.br\/?p=727"},"modified":"2022-05-20T18:11:15","modified_gmt":"2022-05-20T21:11:15","slug":"on-the-nanquim-bem-melhor-agora","status":"publish","type":"post","link":"https:\/\/mangatom.com.br\/?p=727","title":{"rendered":"On the Nanquim: Bem Melhor Agora"},"content":{"rendered":"\n<p>Ent\u00e3o, no finzinho do m\u00eas passado resenhei \u201c<strong>3 Hist\u00f3rias Curtas<\/strong>\u201d, uma quase nova coluna que pretendo manter com certa periodicidade se der, e dentre as HQs escolhidas estava Terezinha, do autor <a rel=\"noreferrer noopener\" href=\"https:\/\/www.facebook.com\/isaac.tiago?ref=br_rs\" target=\"_blank\"><strong>Isaac Tiago<\/strong><\/a>. Ele gostou bastante de fazer parte do post e perguntou se eu n\u00e3o gostaria de escrever sobre sua primeira obra, \u201c<a rel=\"noreferrer noopener\" href=\"https:\/\/www.socialcomics.com.br\/bem-melhor-agora\/1\" target=\"_blank\"><strong>Bem melhor agora<\/strong><\/a>\u201d, e porque n\u00e3o?<\/p>\n\n\n\n<p>Nisso me dirigi novamente ao <a href=\"https:\/\/www.socialcomics.com.br\/principal\" target=\"_blank\" rel=\"noreferrer noopener\"><strong>Social Comics<\/strong><\/a> e iniciei minha leitura de 168 p\u00e1ginas sobre dem\u00f4nios e anjinhos. Algo que devo admitir, n\u00e3o gostei, daria um 6 caso usasse um sistema de notas e possivelmente n\u00e3o falaria sobre neste blog.<\/p>\n\n\n\n<p><strong>Mas pera, pera l\u00e1!<\/strong> Eu n\u00e3o escreveria aqui pois n\u00e3o acho que se encaixa no perfil do site, daria 6 pois para mim isso indica algo bom e so n\u00e3o gostei tanto pois eu n\u00e3o tenho idade para isso, quest\u00e3o pessoal sabe. Ainda assim n\u00e3o vou parar a resenha por aqui, pois um s\u00e1bio, o qual n\u00e3o me recordo o nome, uma vez disse \u201cdevemos analisar uma obra n\u00e3o por nos mesmos, mas pela vis\u00e3o do p\u00fablico alvo.\u201d<\/p>\n\n\n\n<div class=\"wp-block-image\"><figure class=\"aligncenter\"><a href=\"https:\/\/mangatom.wordpress.com\/2016\/09\/04\/on-the-nanquim-bem-melhor-agora\/bem1\/\"><img data-recalc-dims=\"1\" decoding=\"async\" src=\"https:\/\/mangatom.files.wordpress.com\/2016\/09\/bem1.jpg?w=790\" alt=\"bem1\" class=\"wp-image-3623\"\/><\/a><\/figure><\/div>\n\n\n\n<p>E querendo ou n\u00e3o &#8220;Bem melhor agora&#8221; \u00e9 uma hist\u00f3ria infantil, daquelas que voc\u00ea compra para seu filho aprender algo a respeito do mundo. So que sejamos francos, a maioria dos contos desse tipo subestima a capacidade das crian\u00e7as ou \u00e9 muito voltada para alguma ideologia, o que nem sempre e interessante nesses casos.<\/p>\n\n\n\n<p>No enredo temos o dem\u00f4nio <strong>Bin<\/strong>, um menino alegre e bondoso, que mora no inferno junto de sua m\u00e3e e irm\u00e3. Certo dia a pequena adoece e ent\u00e3o Bin parte para a superf\u00edcie em busca da cura, onde \u00e9 acompanhado por <strong>Gin<\/strong>, seu anjo protetor.<\/p>\n\n\n\n<p>Um <em>plot<\/em> bem diferente, criativo, que leva a uma aventura bem divertida, sendo a melhor parte a metade em que ambos os protagonistas est\u00e3o juntos. S\u00e3o personalidades opostas que se completam totalmente.<\/p>\n\n\n\n<div class=\"wp-block-image\"><figure class=\"aligncenter\"><a href=\"https:\/\/mangatom.wordpress.com\/2016\/09\/04\/on-the-nanquim-bem-melhor-agora\/bem2\/\"><img data-recalc-dims=\"1\" decoding=\"async\" src=\"https:\/\/mangatom.files.wordpress.com\/2016\/09\/bem2.jpg?w=790\" alt=\"bem2\" class=\"wp-image-3624\"\/><\/a><\/figure><\/div>\n\n\n\n<p>Um conto que faz pouca alus\u00e3o a religi\u00e3o, se utilizando da ideia crist\u00e3 de c\u00e9u mais como uma forma bonita de tocar na quest\u00e3o da morte, em certos momentos at\u00e9 mesmo exibindo comportamentos contradit\u00f3rios por parte do anjo.<\/p>\n\n\n\n<p>E isso \u00e9 fant\u00e1stico! Pois apesar da hist\u00f3ria ter v\u00e1rias li\u00e7\u00f5es, o foco central \u00e9 mostrar que todos somos iguais e que podemos conviver juntos, indiferente de diferen\u00e7as t\u00e3o gritantes como chifres ou aureolas.<\/p>\n\n\n\n<p>Em outros termos acredito que o autor se utilize desses personagens para ensinar sobre preconceito \u00e9tnico, racial, etc. Talvez algo n\u00e3o muito obvio numa primeira lida, possivelmente nem mesmo intencional, mas sem d\u00favida algo que os pais podem estar buscando com o livro.<\/p>\n\n\n\n<div class=\"wp-block-image\"><figure class=\"aligncenter\"><a href=\"https:\/\/mangatom.wordpress.com\/2016\/09\/04\/on-the-nanquim-bem-melhor-agora\/bem3\/\"><img data-recalc-dims=\"1\" decoding=\"async\" src=\"https:\/\/mangatom.files.wordpress.com\/2016\/09\/bem3.jpg?w=790\" alt=\"bem3\" class=\"wp-image-3625\"\/><\/a><\/figure><\/div>\n\n\n\n<p>Para prender a aten\u00e7\u00e3o dos pequenos temos um tra\u00e7o bem simples, colorido, que lembra em parte o popular <a href=\"https:\/\/www.angrybirds.com\/\" target=\"_blank\" rel=\"noreferrer noopener\"><strong>Angry Birds<\/strong><\/a>, e v\u00e1rias piadas apresentadas tanto em di\u00e1logos como de forma f\u00edsica.<\/p>\n\n\n\n<p>Se eu estivesse nos meus 12 anos para baixo eu tenho absoluta certeza que esta obra seria recorrente em minha vida. Daquelas que voc\u00ea enche o saco da m\u00e3e toda noite pra ler, mesmo que seja a mil\u00e9sima vez. Algo para se decorar!<\/p>\n\n\n\n<p>Se tem um filho menor, priminho ou cora\u00e7\u00e3o de garoto, eu realmente recomendo <strong>Bem melhor agora. <\/strong>Um t\u00edtulo cativante, inteligente e moderno.<\/p>\n\n\n\n<hr class=\"wp-block-separator\"\/>\n\n\n\n<div class=\"wp-block-image\"><figure class=\"aligncenter\"><a href=\"https:\/\/mangatom.wordpress.com\/2016\/09\/04\/on-the-nanquim-bem-melhor-agora\/crgr9nrweaebtn8\/\"><img data-recalc-dims=\"1\" decoding=\"async\" src=\"https:\/\/mangatom.files.wordpress.com\/2016\/09\/crgr9nrweaebtn8.jpg?w=790\" alt=\"CrgR9NrWEAEbTN8\" class=\"wp-image-3621\"\/><\/a><\/figure><\/div>\n\n\n\n<p>Roubando um pouco desse espa\u00e7o final gostaria de agradecer novamente ao Isaac, dessa vez pelo envio do exemplar autografado de <a rel=\"noreferrer noopener\" href=\"http:\/\/www.micotrigo.com.br\/p\/loja-do-mico.html\" target=\"_blank\"><strong>Apto. 23<\/strong><\/a>. E nessas horas que voc\u00ea olha e pensa \u201ccara, que maneiro. Ele realmente gostou do meu trabalho!\u201d E sem d\u00favida, ainda que simples, esse \u00e9 um sentimento sem igual.<\/p>\n\n\n\n<figure class=\"wp-block-pullquote\"><blockquote><p>Texto publicado originalmente em 06\/09\/2016<\/p><\/blockquote><\/figure>\n","protected":false},"excerpt":{"rendered":"<p>Ent\u00e3o, no finzinho do m\u00eas passado resenhei \u201c3 Hist\u00f3rias Curtas\u201d, uma quase nova coluna que pretendo manter com certa periodicidade se der, e dentre as&hellip; <\/p>\n","protected":false},"author":1,"featured_media":4383,"comment_status":"open","ping_status":"open","sticky":false,"template":"","format":"standard","meta":{"_monsterinsights_skip_tracking":false,"_monsterinsights_sitenote_active":false,"_monsterinsights_sitenote_note":"","_monsterinsights_sitenote_category":0,"_jetpack_memberships_contains_paid_content":false,"footnotes":""},"categories":[149],"tags":[809,767,364,67,6,516,810,8,515,267],"class_list":["post-727","post","type-post","status-publish","format-standard","has-post-thumbnail","hentry","category-quadrinho","tag-bem-melhor-agora","tag-cartoon","tag-colorido","tag-comedia","tag-comic","tag-infantil","tag-isaac-tiago","tag-quadrinho","tag-quadrinho-infantil","tag-religiao"],"jetpack_featured_media_url":"https:\/\/i0.wp.com\/mangatom.com.br\/wp-content\/uploads\/2021\/01\/bem-melhor-agora.jpg?fit=1166%2C555&ssl=1","jetpack-related-posts":[{"id":474,"url":"https:\/\/mangatom.com.br\/?p=474","url_meta":{"origin":727,"position":0},"title":"Dia 17 \u2013 Um quadrinho que voc\u00ea n\u00e3o gosta mas considera bom","author":"Mangatom","date":"dezembro 15, 2020","format":false,"excerpt":"Seria bem mais f\u00e1cil citar algo que eu gosto mas considero ruim, tipo Fairy Tail. Porem algo ruim que considero bom \u00e9 uma pergunta mais complexa do que parece, tanto que precisei de dois dias para pensar no que escrever aqui. No fim cheguei a seguinte conclus\u00e3o. Como n\u00e3o consigo\u2026","rel":"","context":"Em &quot;Especial&quot;","block_context":{"text":"Especial","link":"https:\/\/mangatom.com.br\/?cat=309"},"img":{"alt_text":"","src":"https:\/\/i0.wp.com\/mangatom.com.br\/wp-content\/uploads\/2020\/12\/naruto-manga-destacada.webp?fit=774%2C489&ssl=1&resize=350%2C200","width":350,"height":200,"srcset":"https:\/\/i0.wp.com\/mangatom.com.br\/wp-content\/uploads\/2020\/12\/naruto-manga-destacada.webp?fit=774%2C489&ssl=1&resize=350%2C200 1x, https:\/\/i0.wp.com\/mangatom.com.br\/wp-content\/uploads\/2020\/12\/naruto-manga-destacada.webp?fit=774%2C489&ssl=1&resize=525%2C300 1.5x, https:\/\/i0.wp.com\/mangatom.com.br\/wp-content\/uploads\/2020\/12\/naruto-manga-destacada.webp?fit=774%2C489&ssl=1&resize=700%2C400 2x"},"classes":[]},{"id":444,"url":"https:\/\/mangatom.com.br\/?p=444","url_meta":{"origin":727,"position":1},"title":"Dai 08 \u2013 Um quadrinho deslumbrante","author":"Mangatom","date":"dezembro 15, 2020","format":false,"excerpt":"Deslumbrante, admir\u00e1vel, elegante, fascinante. Milhares de obras podem se encaixar como uma luva nesses sin\u00f4nimos, porem vou deixar um pouco de lado o enredo dessa vez e me concentrar apenas nas ilustra\u00e7\u00f5es. Existem diversos quadrinhos que me fazem ficar boquiaberto com sua arte, seja algo em tra\u00e7os realistas, como Green\u2026","rel":"","context":"Em &quot;Especial&quot;","block_context":{"text":"Especial","link":"https:\/\/mangatom.com.br\/?cat=309"},"img":{"alt_text":"","src":"https:\/\/i0.wp.com\/mangatom.com.br\/wp-content\/uploads\/2020\/12\/Pinocchio-069.jpg?fit=1200%2C866&ssl=1&resize=350%2C200","width":350,"height":200,"srcset":"https:\/\/i0.wp.com\/mangatom.com.br\/wp-content\/uploads\/2020\/12\/Pinocchio-069.jpg?fit=1200%2C866&ssl=1&resize=350%2C200 1x, https:\/\/i0.wp.com\/mangatom.com.br\/wp-content\/uploads\/2020\/12\/Pinocchio-069.jpg?fit=1200%2C866&ssl=1&resize=525%2C300 1.5x, https:\/\/i0.wp.com\/mangatom.com.br\/wp-content\/uploads\/2020\/12\/Pinocchio-069.jpg?fit=1200%2C866&ssl=1&resize=700%2C400 2x, https:\/\/i0.wp.com\/mangatom.com.br\/wp-content\/uploads\/2020\/12\/Pinocchio-069.jpg?fit=1200%2C866&ssl=1&resize=1050%2C600 3x"},"classes":[]},{"id":516,"url":"https:\/\/mangatom.com.br\/?p=516","url_meta":{"origin":727,"position":2},"title":"Dai 28 \u2013 Um \u00f3timo quadrinho para crian\u00e7as","author":"Mangatom","date":"dezembro 19, 2020","format":false,"excerpt":"Cara, n\u00e3o adianta, sou brasileiro e n\u00e3o podia dar outra se n\u00e3o Turma da Monica. Desde moleque venho acompanhando as aventuras da turminha e hoje em dia, quando tenho tempo livre, as vezes pego os gibis do meu irm\u00e3o pra dar uma folheada. Certamente ter\u00e1 gente reclamando, falando que o\u2026","rel":"","context":"Em &quot;Especial&quot;","block_context":{"text":"Especial","link":"https:\/\/mangatom.com.br\/?cat=309"},"img":{"alt_text":"","src":"https:\/\/i0.wp.com\/mangatom.com.br\/wp-content\/uploads\/2020\/12\/turma-da-monica-origem-criador-e-personagens.jpg?fit=1200%2C652&ssl=1&resize=350%2C200","width":350,"height":200,"srcset":"https:\/\/i0.wp.com\/mangatom.com.br\/wp-content\/uploads\/2020\/12\/turma-da-monica-origem-criador-e-personagens.jpg?fit=1200%2C652&ssl=1&resize=350%2C200 1x, https:\/\/i0.wp.com\/mangatom.com.br\/wp-content\/uploads\/2020\/12\/turma-da-monica-origem-criador-e-personagens.jpg?fit=1200%2C652&ssl=1&resize=525%2C300 1.5x, https:\/\/i0.wp.com\/mangatom.com.br\/wp-content\/uploads\/2020\/12\/turma-da-monica-origem-criador-e-personagens.jpg?fit=1200%2C652&ssl=1&resize=700%2C400 2x, https:\/\/i0.wp.com\/mangatom.com.br\/wp-content\/uploads\/2020\/12\/turma-da-monica-origem-criador-e-personagens.jpg?fit=1200%2C652&ssl=1&resize=1050%2C600 3x"},"classes":[]},{"id":468,"url":"https:\/\/mangatom.com.br\/?p=468","url_meta":{"origin":727,"position":3},"title":"Dia 15 \u2013 Um quadrinho que lhe fez viajar","author":"Mangatom","date":"dezembro 15, 2020","format":false,"excerpt":"Considero essa uma das perguntas mais dif\u00edceis do desafio. S\u00e9rio, eu n\u00e3o tenho nem ideia de por onde come\u00e7ar. Afinal, qual o sentido da palavra \u201cviajar\u201d? Para facilitar as coisas vamos na defini\u00e7\u00e3o mais comum. Um quadrinho que me fez conhecer novos lugares, de prefer\u00eancia um que seja sobre viagens.\u2026","rel":"","context":"Em &quot;Especial&quot;","block_context":{"text":"Especial","link":"https:\/\/mangatom.com.br\/?cat=309"},"img":{"alt_text":"","src":"https:\/\/i0.wp.com\/mangatom.com.br\/wp-content\/uploads\/2020\/12\/19794634.gif?fit=496%2C243&ssl=1&resize=350%2C200","width":350,"height":200},"classes":[]},{"id":507,"url":"https:\/\/mangatom.com.br\/?p=507","url_meta":{"origin":727,"position":4},"title":"Dia 25 &#8211; Um quadrinho de seu autor favorito","author":"Mangatom","date":"dezembro 19, 2020","format":false,"excerpt":"O mais complicado pra mim acho que \u00e9 escolher o autor, afinal eu poderia muito bem falar de qualquer obra aqui. Sendo assim, vamos descobrir qual o autor que eu li e gostei do maior n\u00famero de t\u00edtulos... com uma competi\u00e7\u00e3o! Tambores rufam, o tapete vermelho e esticado e a\u2026","rel":"","context":"Em &quot;Especial&quot;","block_context":{"text":"Especial","link":"https:\/\/mangatom.com.br\/?cat=309"},"img":{"alt_text":"","src":"https:\/\/i0.wp.com\/mangatom.com.br\/wp-content\/uploads\/2020\/12\/osamu-tezuka.jpg?fit=600%2C400&ssl=1&resize=350%2C200","width":350,"height":200,"srcset":"https:\/\/i0.wp.com\/mangatom.com.br\/wp-content\/uploads\/2020\/12\/osamu-tezuka.jpg?fit=600%2C400&ssl=1&resize=350%2C200 1x, https:\/\/i0.wp.com\/mangatom.com.br\/wp-content\/uploads\/2020\/12\/osamu-tezuka.jpg?fit=600%2C400&ssl=1&resize=525%2C300 1.5x"},"classes":[]},{"id":440,"url":"https:\/\/mangatom.com.br\/?p=440","url_meta":{"origin":727,"position":5},"title":"Dai 07 \u2013 Um quadrinho que lhe acalma","author":"Mangatom","date":"dezembro 15, 2020","format":false,"excerpt":"Como j\u00e1 disse anteriormente, Kongou Banchou e um manga que me fazia rir intensamente ao executar apenas o ato de folhear suas p\u00e1ginas. (Tenho o volume 1 importado) Mas existem diversos fatores que fizeram eu excluir Kongou dessa resposta, sendo o mais obvio de todos, provavelmente, n\u00e3o repetir um post\u2026","rel":"","context":"Em &quot;Especial&quot;","block_context":{"text":"Especial","link":"https:\/\/mangatom.com.br\/?cat=309"},"img":{"alt_text":"","src":"https:\/\/i0.wp.com\/mangatom.com.br\/wp-content\/uploads\/2020\/12\/tumblr_nrvby4Ti5f1sbujdlo1_1280.jpg?fit=936%2C936&ssl=1&resize=350%2C200","width":350,"height":200,"srcset":"https:\/\/i0.wp.com\/mangatom.com.br\/wp-content\/uploads\/2020\/12\/tumblr_nrvby4Ti5f1sbujdlo1_1280.jpg?fit=936%2C936&ssl=1&resize=350%2C200 1x, https:\/\/i0.wp.com\/mangatom.com.br\/wp-content\/uploads\/2020\/12\/tumblr_nrvby4Ti5f1sbujdlo1_1280.jpg?fit=936%2C936&ssl=1&resize=525%2C300 1.5x, https:\/\/i0.wp.com\/mangatom.com.br\/wp-content\/uploads\/2020\/12\/tumblr_nrvby4Ti5f1sbujdlo1_1280.jpg?fit=936%2C936&ssl=1&resize=700%2C400 2x"},"classes":[]}],"jetpack_sharing_enabled":true,"_links":{"self":[{"href":"https:\/\/mangatom.com.br\/index.php?rest_route=\/wp\/v2\/posts\/727","targetHints":{"allow":["GET"]}}],"collection":[{"href":"https:\/\/mangatom.com.br\/index.php?rest_route=\/wp\/v2\/posts"}],"about":[{"href":"https:\/\/mangatom.com.br\/index.php?rest_route=\/wp\/v2\/types\/post"}],"author":[{"embeddable":true,"href":"https:\/\/mangatom.com.br\/index.php?rest_route=\/wp\/v2\/users\/1"}],"replies":[{"embeddable":true,"href":"https:\/\/mangatom.com.br\/index.php?rest_route=%2Fwp%2Fv2%2Fcomments&post=727"}],"version-history":[{"count":4,"href":"https:\/\/mangatom.com.br\/index.php?rest_route=\/wp\/v2\/posts\/727\/revisions"}],"predecessor-version":[{"id":4385,"href":"https:\/\/mangatom.com.br\/index.php?rest_route=\/wp\/v2\/posts\/727\/revisions\/4385"}],"wp:featuredmedia":[{"embeddable":true,"href":"https:\/\/mangatom.com.br\/index.php?rest_route=\/wp\/v2\/media\/4383"}],"wp:attachment":[{"href":"https:\/\/mangatom.com.br\/index.php?rest_route=%2Fwp%2Fv2%2Fmedia&parent=727"}],"wp:term":[{"taxonomy":"category","embeddable":true,"href":"https:\/\/mangatom.com.br\/index.php?rest_route=%2Fwp%2Fv2%2Fcategories&post=727"},{"taxonomy":"post_tag","embeddable":true,"href":"https:\/\/mangatom.com.br\/index.php?rest_route=%2Fwp%2Fv2%2Ftags&post=727"}],"curies":[{"name":"wp","href":"https:\/\/api.w.org\/{rel}","templated":true}]}}