{"id":696,"date":"2021-01-05T02:48:06","date_gmt":"2021-01-05T02:48:06","guid":{"rendered":"https:\/\/mangatom.com.br\/?p=696"},"modified":"2022-05-11T18:16:36","modified_gmt":"2022-05-11T21:16:36","slug":"primeiras-impressoes-ad-after-death","status":"publish","type":"post","link":"https:\/\/mangatom.com.br\/?p=696","title":{"rendered":"Primeiras Impress\u00f5es: AD After Death"},"content":{"rendered":"\n<p>Para voc\u00ea o que seria a p\u00f3s morte? Um templo no c\u00e9u? Uma clareira com frutas silvestres? Um calabou\u00e7o sombrio? Rochas derretidas pelo magma? Seja algo bom ou ruim, existem milhares de vis\u00f5es sobre o que pode vir a ocorrer depois do falecimento, mas a \u00fanica coisa em comum entre todas est\u00e1s e que se trata de fic\u00e7\u00e3o. Ningu\u00e9m de fato sabe, e jamais saber\u00e1, a resposta para este mist\u00e9rio.<\/p>\n\n\n\n<p>Ent\u00e3o eis que chega <a href=\"http:\/\/comicvine.gamespot.com\/scott-snyder\/4040-58926\/\" target=\"_blank\" rel=\"noreferrer noopener\"><strong>Scott Snyder<\/strong><\/a>, autor recorrente de <a href=\"http:\/\/comicvine.gamespot.com\/batman\/4005-1699\/issues-cover\/\" target=\"_blank\" rel=\"noreferrer noopener\"><strong>Batman<\/strong><\/a> e excepcional roteirista de hist\u00f3rias de terror, com uma nova obra que prop\u00f5em revelar este segredo. Ao seu lado temos <a href=\"http:\/\/comicvine.gamespot.com\/jeff-lemire\/4040-57048\/\" target=\"_blank\" rel=\"noreferrer noopener\"><strong>Jeff Lemire<\/strong><\/a>, criador de obras fant\u00e1sticas como <a href=\"http:\/\/comicvine.gamespot.com\/sweet-tooth\/4050-27671\/\" target=\"_blank\" rel=\"noreferrer noopener\"><strong>Sweet Tooth<\/strong><\/a> e <a href=\"http:\/\/comicvine.gamespot.com\/trillium\/4050-66057\/\" target=\"_blank\" rel=\"noreferrer noopener\"><strong>Trillium<\/strong><\/a>, o qual ilustra o t\u00edtulo.<\/p>\n\n\n\n<p>Por ser um tema simples, mas ao mesmo tempo complexo, e diriam alguns que at\u00e9 mesmo pesado, a HQ prop\u00f5e passar por sua introdu\u00e7\u00e3o, meio e fim de maneira r\u00e1pida, totalizando 3 curtas edi\u00e7\u00f5es mensais, come\u00e7ando a partir de Novembro deste ano.<\/p>\n\n\n\n<p>Sendo a primeira n\u00e3o uma introdu\u00e7\u00e3o a morte, mas uma quase cr\u00f4nica sobre uma viagem de carro. Algo pacato, que poderia preencher alguns minutos das rotineiras reuni\u00f5es de fam\u00edlia, mas que possui um significado oculto, simb\u00f3lico, para o nosso personagem.<\/p>\n\n\n\n<div class=\"wp-block-image\"><figure class=\"aligncenter\"><img data-recalc-dims=\"1\" decoding=\"async\" src=\"https:\/\/mangatom.files.wordpress.com\/2016\/07\/ahr0cdovl3d3dy5uzxdzyxjhbweuy29tl2ltywdlcy9plzawmc8xodavotc3l29yawdpbmfsl0ltywdlugx1czaxx0feqwz0zxjkzwf0aduuanbn.jpg?w=790\" alt=\"aHR0cDovL3d3dy5uZXdzYXJhbWEuY29tL2ltYWdlcy9pLzAwMC8xODAvOTc3L29yaWdpbmFsL0ltYWdlUGx1czAxX0FEQWZ0ZXJkZWF0aDUuanBn.jpg\" class=\"wp-image-5331\"\/><\/figure><\/div>\n\n\n\n<p>Eis sua mais antiga mem\u00f3ria. Algo que \u00e9 dito como um fator decisivo no destino de um ser, pois revela detalhes cruciais de como sua vida vira a ser, mesmo n\u00e3o existindo nenhuma ci\u00eancia ou \u201cverdade\u201d ocultista que a possa estudar.<\/p>\n\n\n\n<p>Um conto diria eu po\u00e9tico, sem bal\u00f5es, com quase nenhuma ilustra\u00e7\u00e3o. Apenas figuras est\u00e1ticas num cen\u00e1rio de aquarela, repleto de azul e amarelo, dando a impress\u00e3o de um sonho antigo. Uma mem\u00f3ria distante. Uma lembran\u00e7a que serve de prel\u00fadio a morte.<\/p>\n\n\n\n<p>Acabou-se o c\u00e9u nublado, as luzes flutuantes e a gritaria. Os tons mudam, o garoto cresce, agora barbudo, na selva, no futuro. Literalmente algo sa\u00eddo de um sci-fi. Voc\u00ea n\u00e3o sabe o que est\u00e1 acontecendo, mas Jonah sim. Ele se mostra esperan\u00e7oso, ent\u00e3o nervoso, amedrontado, sente dor, vem o sufoco. \u201cO que s\u00e3o essas coisas?\u201d Ser\u00e1 que ele pensou nisso, ou ser\u00e1 que apenas sucumbiu?<\/p>\n\n\n\n<p>Sim, eu falei pouco, disse muito, expliquei nada. Mostrei apenas palavras. Pois acredito que voc\u00ea tenha de ler para entender o que se passa, e apenas deixo esse texto aqui como um registro do que a obra me fez sentir e pensar.<\/p>\n\n\n\n<div class=\"wp-block-image\"><figure class=\"aligncenter\"><img data-recalc-dims=\"1\" height=\"861\" width=\"600\" decoding=\"async\" src=\"https:\/\/mangatom.files.wordpress.com\/2016\/07\/image-110-600x861.jpg?resize=600%2C861\" alt=\"Image-110-600x861.jpg\" class=\"wp-image-5332\"\/><\/figure><\/div>\n\n\n\n<p>Minha mem\u00f3ria mais antiga sou eu num local alto, embasbacado com um brilho dourado ofuscante. \u201cPrimeiro ano, primeiro gol\u201d. Eis os disseres do trof\u00e9u que o chefe de meu pai presenteou \u00e0 mim quando fiz um ano de idade. Uma chuteira que ele teve de segurar com a m\u00e3o oposta com a qual me mantinha no colo.<\/p>\n\n\n\n<p>Mas o que tudo isso significa? Vou ser um jogador de futebol, ganhar dinheiro e atingir o patamar mais alto? Logico que n\u00e3o. Se fosse algo simples assim, teria alguma ci\u00eancia ou \u201cverdade\u201d ocultista para estudar meu caso. N\u00e3o uma HQ apaixonada que surgiu de uma simples pergunta.<\/p>\n\n\n\n<p>\u201cPai, posso me aconchegar com voc\u00ea mesmo depois que voc\u00ea falecer?\u201d<\/p>\n\n\n\n<figure class=\"wp-block-pullquote\"><blockquote><p>Texto publicado originalmente em 09\/07\/2016<\/p><\/blockquote><\/figure>\n","protected":false},"excerpt":{"rendered":"<p>Para voc\u00ea o que seria a p\u00f3s morte? Um templo no c\u00e9u? Uma clareira com frutas silvestres? Um calabou\u00e7o sombrio? Rochas derretidas pelo magma? Seja&hellip; <\/p>\n","protected":false},"author":1,"featured_media":3979,"comment_status":"open","ping_status":"open","sticky":false,"template":"","format":"standard","meta":{"_monsterinsights_skip_tracking":false,"_monsterinsights_sitenote_active":false,"_monsterinsights_sitenote_note":"","_monsterinsights_sitenote_category":0,"_jetpack_memberships_contains_paid_content":false,"footnotes":""},"categories":[149],"tags":[775,6,17,7,777,60,61,8,35,89,776],"class_list":["post-696","post","type-post","status-publish","format-standard","has-post-thumbnail","hentry","category-quadrinho","tag-ad-after-death","tag-comic","tag-drama","tag-hq","tag-jeff-lemire","tag-preview","tag-primeiras-impressoes","tag-quadrinho","tag-sci-fi","tag-sci-fy","tag-scott-snyder"],"jetpack_featured_media_url":"https:\/\/i0.wp.com\/mangatom.com.br\/wp-content\/uploads\/2021\/01\/ad.jpg?fit=1166%2C555&ssl=1","jetpack-related-posts":[{"id":405,"url":"https:\/\/mangatom.com.br\/?p=405","url_meta":{"origin":696,"position":0},"title":"Primeiras Impress\u00f5es: Annihilator","author":"Mangatom","date":"dezembro 13, 2020","format":false,"excerpt":"Hoje estreia nos EUA o quadrinho Annihilator, escrito por Grant Morrison e publicado pela Legedary Comics. Eu tive a oportunidade de ler o cap\u00edtulo 1 antes da estreia, cerca de 2 meses atr\u00e1s, devido aos meus contatos com a editora. Agora finalmente posso compartilhar com voc\u00ea de minha opini\u00e3o sobre\u2026","rel":"","context":"Em &quot;Quadrinho&quot;","block_context":{"text":"Quadrinho","link":"https:\/\/mangatom.com.br\/?cat=149"},"img":{"alt_text":"","src":"https:\/\/i0.wp.com\/mangatom.com.br\/wp-content\/uploads\/2020\/12\/annihilator.jpg?fit=1166%2C555&ssl=1&resize=350%2C200","width":350,"height":200,"srcset":"https:\/\/i0.wp.com\/mangatom.com.br\/wp-content\/uploads\/2020\/12\/annihilator.jpg?fit=1166%2C555&ssl=1&resize=350%2C200 1x, https:\/\/i0.wp.com\/mangatom.com.br\/wp-content\/uploads\/2020\/12\/annihilator.jpg?fit=1166%2C555&ssl=1&resize=525%2C300 1.5x, https:\/\/i0.wp.com\/mangatom.com.br\/wp-content\/uploads\/2020\/12\/annihilator.jpg?fit=1166%2C555&ssl=1&resize=700%2C400 2x, https:\/\/i0.wp.com\/mangatom.com.br\/wp-content\/uploads\/2020\/12\/annihilator.jpg?fit=1166%2C555&ssl=1&resize=1050%2C600 3x"},"classes":[]},{"id":623,"url":"https:\/\/mangatom.com.br\/?p=623","url_meta":{"origin":696,"position":1},"title":"Primeiras Impress\u00f5es: The Disciples","author":"Mangatom","date":"janeiro 4, 2021","format":false,"excerpt":"Mais um post da Black Mask, cap\u00edtulo um, voc\u00eas j\u00e1 sabem as paradas. Hoje temos o sci-fi, ou fic\u00e7\u00e3o cientifica para os leigos, The Disciples. Obra escrita por nada mais, nada menos, que Steve Niles, fundador da editora e autor do famoso 30 Dias de Noite. As ilustra\u00e7\u00f5es ficam a\u2026","rel":"","context":"Em &quot;Quadrinho&quot;","block_context":{"text":"Quadrinho","link":"https:\/\/mangatom.com.br\/?cat=149"},"img":{"alt_text":"","src":"https:\/\/i0.wp.com\/mangatom.com.br\/wp-content\/uploads\/2021\/01\/the-disciples.jpg?fit=1166%2C555&ssl=1&resize=350%2C200","width":350,"height":200,"srcset":"https:\/\/i0.wp.com\/mangatom.com.br\/wp-content\/uploads\/2021\/01\/the-disciples.jpg?fit=1166%2C555&ssl=1&resize=350%2C200 1x, https:\/\/i0.wp.com\/mangatom.com.br\/wp-content\/uploads\/2021\/01\/the-disciples.jpg?fit=1166%2C555&ssl=1&resize=525%2C300 1.5x, https:\/\/i0.wp.com\/mangatom.com.br\/wp-content\/uploads\/2021\/01\/the-disciples.jpg?fit=1166%2C555&ssl=1&resize=700%2C400 2x, https:\/\/i0.wp.com\/mangatom.com.br\/wp-content\/uploads\/2021\/01\/the-disciples.jpg?fit=1166%2C555&ssl=1&resize=1050%2C600 3x"},"classes":[]},{"id":592,"url":"https:\/\/mangatom.com.br\/?p=592","url_meta":{"origin":696,"position":2},"title":"Primeiras Impress\u00f5es: Behemoth","author":"Mangatom","date":"janeiro 4, 2021","format":false,"excerpt":"Apesar de atrasado, aqui est\u00e1 mais um review feito a pedido de uma editora. A bola da vez \u00e9 a MonkeyBrain, grupo fundando por Chris Roberson e Allison Baker com o intuito de realizar estudos sobre obras de fic\u00e7\u00e3o cientifica, fantasia e n\u00e3o fic\u00e7\u00e3o. Foi apenas em 2012 que a\u2026","rel":"","context":"Em &quot;Quadrinho&quot;","block_context":{"text":"Quadrinho","link":"https:\/\/mangatom.com.br\/?cat=149"},"img":{"alt_text":"","src":"https:\/\/i0.wp.com\/mangatom.com.br\/wp-content\/uploads\/2021\/01\/behemoth.jpg?fit=1166%2C555&ssl=1&resize=350%2C200","width":350,"height":200,"srcset":"https:\/\/i0.wp.com\/mangatom.com.br\/wp-content\/uploads\/2021\/01\/behemoth.jpg?fit=1166%2C555&ssl=1&resize=350%2C200 1x, https:\/\/i0.wp.com\/mangatom.com.br\/wp-content\/uploads\/2021\/01\/behemoth.jpg?fit=1166%2C555&ssl=1&resize=525%2C300 1.5x, https:\/\/i0.wp.com\/mangatom.com.br\/wp-content\/uploads\/2021\/01\/behemoth.jpg?fit=1166%2C555&ssl=1&resize=700%2C400 2x, https:\/\/i0.wp.com\/mangatom.com.br\/wp-content\/uploads\/2021\/01\/behemoth.jpg?fit=1166%2C555&ssl=1&resize=1050%2C600 3x"},"classes":[]},{"id":731,"url":"https:\/\/mangatom.com.br\/?p=731","url_meta":{"origin":696,"position":3},"title":"Primeiras Impress\u00f5es: The Forevers","author":"Mangatom","date":"janeiro 8, 2021","format":false,"excerpt":"Um grupo de pessoas se re\u00fane a noite e ateiam fogo numa vasta plan\u00edcie, a qual ganha um serpenteado de cor purpura incandescente e fosforo branco. Sete pessoas, um come\u00e7o, um mist\u00e9rio. Ent\u00e3o avan\u00e7amos dez anos, onde acompanhamos Jamie Ashby e Daisy Cates, respectivamente os n\u00fameros 1 e 5 desse\u2026","rel":"","context":"Em &quot;Quadrinho&quot;","block_context":{"text":"Quadrinho","link":"https:\/\/mangatom.com.br\/?cat=149"},"img":{"alt_text":"","src":"https:\/\/i0.wp.com\/mangatom.com.br\/wp-content\/uploads\/2021\/01\/the-forevers.jpg?fit=1166%2C555&ssl=1&resize=350%2C200","width":350,"height":200,"srcset":"https:\/\/i0.wp.com\/mangatom.com.br\/wp-content\/uploads\/2021\/01\/the-forevers.jpg?fit=1166%2C555&ssl=1&resize=350%2C200 1x, https:\/\/i0.wp.com\/mangatom.com.br\/wp-content\/uploads\/2021\/01\/the-forevers.jpg?fit=1166%2C555&ssl=1&resize=525%2C300 1.5x, https:\/\/i0.wp.com\/mangatom.com.br\/wp-content\/uploads\/2021\/01\/the-forevers.jpg?fit=1166%2C555&ssl=1&resize=700%2C400 2x, https:\/\/i0.wp.com\/mangatom.com.br\/wp-content\/uploads\/2021\/01\/the-forevers.jpg?fit=1166%2C555&ssl=1&resize=1050%2C600 3x"},"classes":[]},{"id":300,"url":"https:\/\/mangatom.com.br\/?p=300","url_meta":{"origin":696,"position":4},"title":"On the Nanquim: Astronauta Magnetar","author":"Mangatom","date":"dezembro 3, 2020","format":false,"excerpt":"Quando vi Astronauta Magnetar na livraria eu tive que comprar o mesmo imediatamente e come\u00e7ar a ler, n\u00e3o so atra\u00eddo pelo belo tra\u00e7o de Danilo Beyruth (Necronauta, Bando de Dois), mas tamb\u00e9m por ser uma releitura mais madura do meu personagem favorito criado por Mauricio de Souza. Logo ap\u00f3s ler\u2026","rel":"","context":"Em &quot;BR&quot;","block_context":{"text":"BR","link":"https:\/\/mangatom.com.br\/?cat=80"},"img":{"alt_text":"","src":"https:\/\/i0.wp.com\/mangatom.com.br\/wp-content\/uploads\/2020\/12\/astronautamagnetar.jpg?fit=1166%2C555&ssl=1&resize=350%2C200","width":350,"height":200,"srcset":"https:\/\/i0.wp.com\/mangatom.com.br\/wp-content\/uploads\/2020\/12\/astronautamagnetar.jpg?fit=1166%2C555&ssl=1&resize=350%2C200 1x, https:\/\/i0.wp.com\/mangatom.com.br\/wp-content\/uploads\/2020\/12\/astronautamagnetar.jpg?fit=1166%2C555&ssl=1&resize=525%2C300 1.5x, https:\/\/i0.wp.com\/mangatom.com.br\/wp-content\/uploads\/2020\/12\/astronautamagnetar.jpg?fit=1166%2C555&ssl=1&resize=700%2C400 2x, https:\/\/i0.wp.com\/mangatom.com.br\/wp-content\/uploads\/2020\/12\/astronautamagnetar.jpg?fit=1166%2C555&ssl=1&resize=1050%2C600 3x"},"classes":[]},{"id":6717,"url":"https:\/\/mangatom.com.br\/?p=6717","url_meta":{"origin":696,"position":5},"title":"HQ Epica do Quest\u00e3o! Conhe\u00e7a &#8220;As Mortes De Vic Sage&#8221;","author":"Mangatom","date":"dezembro 13, 2023","format":false,"excerpt":"Eu sempre gostei muito dos desenhos da DC, em especial do Liga da Justi\u00e7a Sem Limites, pois apresentava novos her\u00f3is e vil\u00f5es, e pra uma crian\u00e7a isso era o m\u00e1ximo. Por mais que a maioria fosse classe B ou C, com alguns aparecendo em poucos epis\u00f3dios, se n\u00e3o apenas um,\u2026","rel":"","context":"Em \"a\u00e7\u00e3o\"","block_context":{"text":"a\u00e7\u00e3o","link":"https:\/\/mangatom.com.br\/?tag=acao"},"img":{"alt_text":"","src":"https:\/\/i0.wp.com\/mangatom.com.br\/wp-content\/uploads\/2023\/12\/The-Question-The-Deaths-of-Vic-Sage-2020-193-pgs.cbr-The-Question-The-Deaths-of-Vic-Sage-006-scaled.jpg?fit=938%2C1200&ssl=1&resize=350%2C200","width":350,"height":200,"srcset":"https:\/\/i0.wp.com\/mangatom.com.br\/wp-content\/uploads\/2023\/12\/The-Question-The-Deaths-of-Vic-Sage-2020-193-pgs.cbr-The-Question-The-Deaths-of-Vic-Sage-006-scaled.jpg?fit=938%2C1200&ssl=1&resize=350%2C200 1x, https:\/\/i0.wp.com\/mangatom.com.br\/wp-content\/uploads\/2023\/12\/The-Question-The-Deaths-of-Vic-Sage-2020-193-pgs.cbr-The-Question-The-Deaths-of-Vic-Sage-006-scaled.jpg?fit=938%2C1200&ssl=1&resize=525%2C300 1.5x, https:\/\/i0.wp.com\/mangatom.com.br\/wp-content\/uploads\/2023\/12\/The-Question-The-Deaths-of-Vic-Sage-2020-193-pgs.cbr-The-Question-The-Deaths-of-Vic-Sage-006-scaled.jpg?fit=938%2C1200&ssl=1&resize=700%2C400 2x"},"classes":[]}],"jetpack_sharing_enabled":true,"_links":{"self":[{"href":"https:\/\/mangatom.com.br\/index.php?rest_route=\/wp\/v2\/posts\/696","targetHints":{"allow":["GET"]}}],"collection":[{"href":"https:\/\/mangatom.com.br\/index.php?rest_route=\/wp\/v2\/posts"}],"about":[{"href":"https:\/\/mangatom.com.br\/index.php?rest_route=\/wp\/v2\/types\/post"}],"author":[{"embeddable":true,"href":"https:\/\/mangatom.com.br\/index.php?rest_route=\/wp\/v2\/users\/1"}],"replies":[{"embeddable":true,"href":"https:\/\/mangatom.com.br\/index.php?rest_route=%2Fwp%2Fv2%2Fcomments&post=696"}],"version-history":[{"count":3,"href":"https:\/\/mangatom.com.br\/index.php?rest_route=\/wp\/v2\/posts\/696\/revisions"}],"predecessor-version":[{"id":4026,"href":"https:\/\/mangatom.com.br\/index.php?rest_route=\/wp\/v2\/posts\/696\/revisions\/4026"}],"wp:featuredmedia":[{"embeddable":true,"href":"https:\/\/mangatom.com.br\/index.php?rest_route=\/wp\/v2\/media\/3979"}],"wp:attachment":[{"href":"https:\/\/mangatom.com.br\/index.php?rest_route=%2Fwp%2Fv2%2Fmedia&parent=696"}],"wp:term":[{"taxonomy":"category","embeddable":true,"href":"https:\/\/mangatom.com.br\/index.php?rest_route=%2Fwp%2Fv2%2Fcategories&post=696"},{"taxonomy":"post_tag","embeddable":true,"href":"https:\/\/mangatom.com.br\/index.php?rest_route=%2Fwp%2Fv2%2Ftags&post=696"}],"curies":[{"name":"wp","href":"https:\/\/api.w.org\/{rel}","templated":true}]}}