{"id":560,"date":"2020-12-24T22:57:24","date_gmt":"2020-12-24T22:57:24","guid":{"rendered":"https:\/\/mangatom.com.br\/?p=560"},"modified":"2023-03-07T16:21:30","modified_gmt":"2023-03-07T19:21:30","slug":"on-the-nanquim-superior","status":"publish","type":"post","link":"https:\/\/mangatom.com.br\/?p=560","title":{"rendered":"On the Nanquim: Superior"},"content":{"rendered":"\n<p>Se voc\u00ea e f\u00e3 de quadrinhos ao menos uma vez j\u00e1 sonhou em ter algum tipo de super poder, seja algo perigoso, como controlar a gravida, \u00fatil, como se teleportar para n\u00e3o chegar atrasado(a), ou&#8230; pervertido, como ver a roupa intima de algu\u00e9m&nbsp;com vis\u00e3o de raio-x. Sei bem que j\u00e1 pensou nisso. Por\u00e9m, o jovem Simon, apesar de ser um grande f\u00e3 de super her\u00f3is, tem como seu maior desejo voltar a andar. Agora imagine a alegria do garoto quando ele n\u00e3o so consegue ficar em p\u00e9, mas correr, voar, usar&nbsp;vis\u00e3o de calor e at\u00e9 mesmo levantar objetos de peso absurdo!<\/p>\n\n\n<div class=\"wp-block-image\">\n<figure class=\"aligncenter\"><a href=\"https:\/\/mangatom.files.wordpress.com\/2015\/01\/superior-002-2011-digital-zone-empire-cbr-superior-002-023.jpg\"><img data-recalc-dims=\"1\" decoding=\"async\" src=\"https:\/\/mangatom.files.wordpress.com\/2015\/01\/superior-002-2011-digital-zone-empire-cbr-superior-002-023.jpg?w=790\" alt=\"Superior 002 (2011) (Digital) (Zone-Empire).cbr-Superior 002-023\" class=\"wp-image-2139\"\/><\/a><\/figure>\n<\/div>\n\n\n<p>Da noite para o dia, gra\u00e7as ao macaco espacial Ormon (acredite, isso \u00e9 importante), Simon se transformou por completo no her\u00f3i Superior, um antigo \u00edcone do cinema que possui os mesmos poderes do homem de a\u00e7o. Isso acaba gerando alguns problemas para o autor Tad Scoot, respons\u00e1vel pelo papel de Superior nas telonas. O est\u00fadio decide fechar as portas com medo de ser processado, o que leva ao afastamento do ator, que vinha sendo perseguido incessantemente pela m\u00eddia.<\/p>\n\n\n<div class=\"wp-block-image\">\n<figure class=\"aligncenter\"><a href=\"https:\/\/mangatom.files.wordpress.com\/2015\/01\/superior-001-2010-digital-zone-empire-cbr-superior-001-016.jpg\"><img data-recalc-dims=\"1\" decoding=\"async\" src=\"https:\/\/mangatom.files.wordpress.com\/2015\/01\/superior-001-2010-digital-zone-empire-cbr-superior-001-016.jpg?w=790\" alt=\"Superior 001 (2010) (Digital) (Zone-Empire).cbr-Superior 001-016\" class=\"wp-image-2140\"\/><\/a><\/figure>\n<\/div>\n\n\n<p>A \u00fanica rep\u00f3rter que parece n\u00e3o ter interesse nele e a ambiciosa Madeline Knox, que fara de tudo para descobrir os segredos do her\u00f3i em busca de fama. Para fechar os personagens temos Chris, o melhor amigo de Simon, e Sharpie, um garoto que vem transformando a vida escolar de nosso her\u00f3i em um inferno. Parece uma trama simples, bem clich\u00ea, quase que incorporando um <strong>Shazam <\/strong>2.0, com o diferencial de que n\u00e3o existem super vil\u00f5es e um garoto parapl\u00e9gico de aparentemente 12 anos est\u00e1 preso dentro do corpo do ser mais poderoso da terra, perseguido pela m\u00eddia e tendo de lidar com responsabilidades com as quais nenhumhumano jamais sonhou.<\/p>\n\n\n<div class=\"wp-block-image\">\n<figure class=\"aligncenter\"><a href=\"https:\/\/mangatom.files.wordpress.com\/2015\/01\/superior-005-2011-digital-zone-empire-cbr-superior-005-010.jpg\"><img data-recalc-dims=\"1\" decoding=\"async\" src=\"https:\/\/mangatom.files.wordpress.com\/2015\/01\/superior-005-2011-digital-zone-empire-cbr-superior-005-010.jpg?w=790\" alt=\"Superior 005 (2011) (Digital) (Zone-Empire).cbr-Superior 005-010\" class=\"wp-image-2142\"\/><\/a><\/figure>\n<\/div>\n\n\n<p>Junte isso ao fato de que seus poderes v\u00e3o durar apenas uma semana, assim ati\u00e7ando a vontade de se fazer o que e certo o maios r\u00e1pido poss\u00edvel. E quando chegar o dia fat\u00eddico de voltar&nbsp;a cadeira de rodas, o ser espacial retornara mais uma vez para ent\u00e3o revelar a verdadeira trama da hist\u00f3ria. Contamos com um in\u00edcio bem simples, nos lembrando com uma tremenda nostalgia esse desejo antigo de vestir a capa sair por ai lutando por um mundo melhor em grande escala. Na metade da trama o quadrinho se mostra mais maduro ao apresentar temas pol\u00edticos e humanit\u00e1rios, para ent\u00e3o no final descobrirmos a grande e tenebrosa verdade em meio a uma enchente de a\u00e7\u00e3o e drama. <\/p>\n\n\n\n<p>Esque\u00e7a <strong>Kick-ass<\/strong>, Superior e sem d\u00favida a melhor obra de Mark Millar.<\/p>\n\n\n\n<figure class=\"wp-block-pullquote\"><blockquote><p>Texto publicado originalmente em 29\/01\/2015<\/p><\/blockquote><\/figure>\n","protected":false},"excerpt":{"rendered":"<p>Se voc\u00ea e f\u00e3 de quadrinhos ao menos uma vez j\u00e1 sonhou em ter algum tipo de super poder, seja algo perigoso, como controlar a&hellip; <\/p>\n","protected":false},"author":1,"featured_media":4419,"comment_status":"open","ping_status":"open","sticky":false,"template":"","format":"standard","meta":{"_monsterinsights_skip_tracking":false,"_monsterinsights_sitenote_active":false,"_monsterinsights_sitenote_note":"","_monsterinsights_sitenote_category":0,"_jetpack_memberships_contains_paid_content":false,"footnotes":""},"categories":[149],"tags":[18,9,6,10,158,361,550,7,547,546,8,548,54,360,362,545,549],"class_list":["post-560","post","type-post","status-publish","format-standard","has-post-thumbnail","hentry","category-quadrinho","tag-acao","tag-banda-desenhada","tag-comic","tag-gibi","tag-graphic-novel","tag-herois","tag-homenagem","tag-hq","tag-leinil-yu","tag-mark-millar","tag-quadrinho","tag-shazan","tag-sobrenatural","tag-super-herois","tag-super-poderes","tag-superior","tag-superman"],"jetpack_featured_media_url":"https:\/\/i0.wp.com\/mangatom.com.br\/wp-content\/uploads\/2020\/12\/superior.jpg?fit=1166%2C555&ssl=1","jetpack-related-posts":[{"id":1075,"url":"https:\/\/mangatom.com.br\/?p=1075","url_meta":{"origin":560,"position":0},"title":"On the Nanquim: Superman: As 4 Esta\u00e7\u00f5es &#8211; O Slice of Life do homem de a\u00e7o","author":"Mangatom","date":"janeiro 25, 2021","format":false,"excerpt":"Inicialmente eu n\u00e3o era f\u00e3 do Superman. Um her\u00f3i cheio de poderes, praticamente invenc\u00edvel. Parecia ser uma leitura sem proposito, com final fixo. Ele sempre vence. Por mais que esse seja o padr\u00e3o de milhares de outras hist\u00f3rias, de outros personagens. O famoso clich\u00ea. Eu olhava aquilo e n\u00e3o acreditava\u2026","rel":"","context":"Em &quot;Quadrinho&quot;","block_context":{"text":"Quadrinho","link":"https:\/\/mangatom.com.br\/?cat=149"},"img":{"alt_text":"","src":"https:\/\/i0.wp.com\/mangatom.com.br\/wp-content\/uploads\/2021\/01\/superman-4estacoes.jpg?fit=1166%2C555&ssl=1&resize=350%2C200","width":350,"height":200,"srcset":"https:\/\/i0.wp.com\/mangatom.com.br\/wp-content\/uploads\/2021\/01\/superman-4estacoes.jpg?fit=1166%2C555&ssl=1&resize=350%2C200 1x, https:\/\/i0.wp.com\/mangatom.com.br\/wp-content\/uploads\/2021\/01\/superman-4estacoes.jpg?fit=1166%2C555&ssl=1&resize=525%2C300 1.5x, https:\/\/i0.wp.com\/mangatom.com.br\/wp-content\/uploads\/2021\/01\/superman-4estacoes.jpg?fit=1166%2C555&ssl=1&resize=700%2C400 2x, https:\/\/i0.wp.com\/mangatom.com.br\/wp-content\/uploads\/2021\/01\/superman-4estacoes.jpg?fit=1166%2C555&ssl=1&resize=1050%2C600 3x"},"classes":[]},{"id":2137,"url":"https:\/\/mangatom.com.br\/?p=2137","url_meta":{"origin":560,"position":1},"title":"A \u00daltima Ca\u00e7ada de Kraven &#8211; O Melhor do Aranha?","author":"Mangatom","date":"outubro 20, 2021","format":false,"excerpt":"Desde pequeno eu gostava muito do Homem-Aranha. Ele sempre foi um personagem carism\u00e1tico, e na \u00e9poca ele estava no auge. Al\u00e9m dos milhares de quadrinhos estava sendo exibida a fant\u00e1stica anima\u00e7\u00e3o de 1994 e produtos do aracn\u00eddeo apareciam em todo canto, com destaque aos bonecos e jogos de videogame. Antes\u2026","rel":"","context":"Em &quot;Quadrinho&quot;","block_context":{"text":"Quadrinho","link":"https:\/\/mangatom.com.br\/?cat=149"},"img":{"alt_text":"","src":"https:\/\/i0.wp.com\/mangatom.com.br\/wp-content\/uploads\/2021\/10\/Spider-Man-Kravens-Last-Hunt-Deluxe-Edition-2018-Digital-Zone-Empire.cbr-Spider-Man-Kravens-Last-Hunt-Deluxe-Edition-000-scaled-e1636590989496.jpg?fit=1200%2C1168&ssl=1&resize=350%2C200","width":350,"height":200,"srcset":"https:\/\/i0.wp.com\/mangatom.com.br\/wp-content\/uploads\/2021\/10\/Spider-Man-Kravens-Last-Hunt-Deluxe-Edition-2018-Digital-Zone-Empire.cbr-Spider-Man-Kravens-Last-Hunt-Deluxe-Edition-000-scaled-e1636590989496.jpg?fit=1200%2C1168&ssl=1&resize=350%2C200 1x, https:\/\/i0.wp.com\/mangatom.com.br\/wp-content\/uploads\/2021\/10\/Spider-Man-Kravens-Last-Hunt-Deluxe-Edition-2018-Digital-Zone-Empire.cbr-Spider-Man-Kravens-Last-Hunt-Deluxe-Edition-000-scaled-e1636590989496.jpg?fit=1200%2C1168&ssl=1&resize=525%2C300 1.5x, https:\/\/i0.wp.com\/mangatom.com.br\/wp-content\/uploads\/2021\/10\/Spider-Man-Kravens-Last-Hunt-Deluxe-Edition-2018-Digital-Zone-Empire.cbr-Spider-Man-Kravens-Last-Hunt-Deluxe-Edition-000-scaled-e1636590989496.jpg?fit=1200%2C1168&ssl=1&resize=700%2C400 2x, https:\/\/i0.wp.com\/mangatom.com.br\/wp-content\/uploads\/2021\/10\/Spider-Man-Kravens-Last-Hunt-Deluxe-Edition-2018-Digital-Zone-Empire.cbr-Spider-Man-Kravens-Last-Hunt-Deluxe-Edition-000-scaled-e1636590989496.jpg?fit=1200%2C1168&ssl=1&resize=1050%2C600 3x"},"classes":[]},{"id":889,"url":"https:\/\/mangatom.com.br\/?p=889","url_meta":{"origin":560,"position":2},"title":"On the Nanquim: A Morte do Superman","author":"Mangatom","date":"janeiro 24, 2021","format":false,"excerpt":"Quando menores brigamos por tudo, mas quando nerds vamos mais al\u00e9m. \u00c9 briga de Nintendo contra Sony, de f\u00e3 de comic com f\u00e3 de mang\u00e1, Marvel vs DC, e assim vai. Se algo se torna popular, essa \u00e9 uma das tend\u00eancias, por mais in\u00fatil que seja. Queremos mostrar que o\u2026","rel":"","context":"Em &quot;Quadrinho&quot;","block_context":{"text":"Quadrinho","link":"https:\/\/mangatom.com.br\/?cat=149"},"img":{"alt_text":"","src":"https:\/\/i0.wp.com\/mangatom.com.br\/wp-content\/uploads\/2021\/01\/amortedosuper.jpg?fit=1166%2C555&ssl=1&resize=350%2C200","width":350,"height":200,"srcset":"https:\/\/i0.wp.com\/mangatom.com.br\/wp-content\/uploads\/2021\/01\/amortedosuper.jpg?fit=1166%2C555&ssl=1&resize=350%2C200 1x, https:\/\/i0.wp.com\/mangatom.com.br\/wp-content\/uploads\/2021\/01\/amortedosuper.jpg?fit=1166%2C555&ssl=1&resize=525%2C300 1.5x, https:\/\/i0.wp.com\/mangatom.com.br\/wp-content\/uploads\/2021\/01\/amortedosuper.jpg?fit=1166%2C555&ssl=1&resize=700%2C400 2x, https:\/\/i0.wp.com\/mangatom.com.br\/wp-content\/uploads\/2021\/01\/amortedosuper.jpg?fit=1166%2C555&ssl=1&resize=1050%2C600 3x"},"classes":[]},{"id":735,"url":"https:\/\/mangatom.com.br\/?p=735","url_meta":{"origin":560,"position":3},"title":"Primeiras Impress\u00f5es: BLACK &#8211; Superpoderes para os negros!","author":"Mangatom","date":"janeiro 8, 2021","format":false,"excerpt":"J\u00e1 imaginou um mundo onde superpoderes s\u00e3o reais, por\u00e9m tal dom \u00e9 concedido apenas aos negros? \u00c9 com essa premissa que se inicia mais uma s\u00e9rie polemica da Black Mask, agora encarando de frente o racismo. Voc\u00ea pode at\u00e9 olhar e pensar, mas onde est\u00e1 a novidade nisso? X-Men, um\u2026","rel":"","context":"Em &quot;Quadrinho&quot;","block_context":{"text":"Quadrinho","link":"https:\/\/mangatom.com.br\/?cat=149"},"img":{"alt_text":"","src":"https:\/\/i0.wp.com\/mangatom.com.br\/wp-content\/uploads\/2021\/01\/black.jpg?fit=1166%2C555&ssl=1&resize=350%2C200","width":350,"height":200,"srcset":"https:\/\/i0.wp.com\/mangatom.com.br\/wp-content\/uploads\/2021\/01\/black.jpg?fit=1166%2C555&ssl=1&resize=350%2C200 1x, https:\/\/i0.wp.com\/mangatom.com.br\/wp-content\/uploads\/2021\/01\/black.jpg?fit=1166%2C555&ssl=1&resize=525%2C300 1.5x, https:\/\/i0.wp.com\/mangatom.com.br\/wp-content\/uploads\/2021\/01\/black.jpg?fit=1166%2C555&ssl=1&resize=700%2C400 2x, https:\/\/i0.wp.com\/mangatom.com.br\/wp-content\/uploads\/2021\/01\/black.jpg?fit=1166%2C555&ssl=1&resize=1050%2C600 3x"},"classes":[]},{"id":1631,"url":"https:\/\/mangatom.com.br\/?p=1631","url_meta":{"origin":560,"position":4},"title":"Participa\u00e7\u00e3o do Conversa \u00c9 Essa? 64 &#8211; Universo Animado DC","author":"Mangatom","date":"junho 11, 2021","format":false,"excerpt":"Se liga nisso! Saiu o epi novo do podcast #ConversaEEssa com participa\u00e7\u00e3o minha! Foi muito legal poder conversar com o @brunoptrajanoo sobre os filmes animados da DC! Confiram l\u00e1. https:\/\/open.spotify.com\/episode\/7FVHIGytywPcXyAQurrlSz?si=YAW9nE7wRyS4w6wbl9_iNA&dl_branch=1&nd=1 So lembrando, esse n\u00e3o \u00e9 um projeto do Mangatom. Apenas estou participando do episodio. Mas n\u00e3o custa nada ouvir e\u2026","rel":"","context":"Em &quot;Podcast&quot;","block_context":{"text":"Podcast","link":"https:\/\/mangatom.com.br\/?cat=835"},"img":{"alt_text":"","src":"https:\/\/i0.wp.com\/mangatom.com.br\/wp-content\/uploads\/2021\/06\/61a2026b8c0cd12d280d6ff0d7ce5f7881-05-batman-the-animated-series-feed.2x.rsocial.w600.webp?fit=1200%2C630&ssl=1&resize=350%2C200","width":350,"height":200,"srcset":"https:\/\/i0.wp.com\/mangatom.com.br\/wp-content\/uploads\/2021\/06\/61a2026b8c0cd12d280d6ff0d7ce5f7881-05-batman-the-animated-series-feed.2x.rsocial.w600.webp?fit=1200%2C630&ssl=1&resize=350%2C200 1x, https:\/\/i0.wp.com\/mangatom.com.br\/wp-content\/uploads\/2021\/06\/61a2026b8c0cd12d280d6ff0d7ce5f7881-05-batman-the-animated-series-feed.2x.rsocial.w600.webp?fit=1200%2C630&ssl=1&resize=525%2C300 1.5x, https:\/\/i0.wp.com\/mangatom.com.br\/wp-content\/uploads\/2021\/06\/61a2026b8c0cd12d280d6ff0d7ce5f7881-05-batman-the-animated-series-feed.2x.rsocial.w600.webp?fit=1200%2C630&ssl=1&resize=700%2C400 2x, https:\/\/i0.wp.com\/mangatom.com.br\/wp-content\/uploads\/2021\/06\/61a2026b8c0cd12d280d6ff0d7ce5f7881-05-batman-the-animated-series-feed.2x.rsocial.w600.webp?fit=1200%2C630&ssl=1&resize=1050%2C600 3x"},"classes":[]},{"id":450,"url":"https:\/\/mangatom.com.br\/?p=450","url_meta":{"origin":560,"position":5},"title":"Dai 10 \u2013 Um quadrinho que voc\u00ea gostou da adapta\u00e7\u00e3o","author":"Mangatom","date":"dezembro 15, 2020","format":false,"excerpt":"Nossa, j\u00e1 estou a tr\u00eas dias fazendo esse post...ok, mentira, na verdade eu passei muito mal mesmo, n\u00e3o de doen\u00e7a, mas de uma pequena crise de \u201cdepress\u00e3o\u201d. N\u00e3o gosto de levar isso ao p\u00fablico, mas acho que todos tem o direito de saber o porqu\u00ea dos atrasos. Quanto a pergunta,\u2026","rel":"","context":"Em &quot;Especial&quot;","block_context":{"text":"Especial","link":"https:\/\/mangatom.com.br\/?cat=309"},"img":{"alt_text":"","src":"https:\/\/i0.wp.com\/mangatom.com.br\/wp-content\/uploads\/2020\/12\/image.jpg?fit=1200%2C600&ssl=1&resize=350%2C200","width":350,"height":200,"srcset":"https:\/\/i0.wp.com\/mangatom.com.br\/wp-content\/uploads\/2020\/12\/image.jpg?fit=1200%2C600&ssl=1&resize=350%2C200 1x, https:\/\/i0.wp.com\/mangatom.com.br\/wp-content\/uploads\/2020\/12\/image.jpg?fit=1200%2C600&ssl=1&resize=525%2C300 1.5x, https:\/\/i0.wp.com\/mangatom.com.br\/wp-content\/uploads\/2020\/12\/image.jpg?fit=1200%2C600&ssl=1&resize=700%2C400 2x, https:\/\/i0.wp.com\/mangatom.com.br\/wp-content\/uploads\/2020\/12\/image.jpg?fit=1200%2C600&ssl=1&resize=1050%2C600 3x"},"classes":[]}],"jetpack_sharing_enabled":true,"_links":{"self":[{"href":"https:\/\/mangatom.com.br\/index.php?rest_route=\/wp\/v2\/posts\/560","targetHints":{"allow":["GET"]}}],"collection":[{"href":"https:\/\/mangatom.com.br\/index.php?rest_route=\/wp\/v2\/posts"}],"about":[{"href":"https:\/\/mangatom.com.br\/index.php?rest_route=\/wp\/v2\/types\/post"}],"author":[{"embeddable":true,"href":"https:\/\/mangatom.com.br\/index.php?rest_route=\/wp\/v2\/users\/1"}],"replies":[{"embeddable":true,"href":"https:\/\/mangatom.com.br\/index.php?rest_route=%2Fwp%2Fv2%2Fcomments&post=560"}],"version-history":[{"count":3,"href":"https:\/\/mangatom.com.br\/index.php?rest_route=\/wp\/v2\/posts\/560\/revisions"}],"predecessor-version":[{"id":5286,"href":"https:\/\/mangatom.com.br\/index.php?rest_route=\/wp\/v2\/posts\/560\/revisions\/5286"}],"wp:featuredmedia":[{"embeddable":true,"href":"https:\/\/mangatom.com.br\/index.php?rest_route=\/wp\/v2\/media\/4419"}],"wp:attachment":[{"href":"https:\/\/mangatom.com.br\/index.php?rest_route=%2Fwp%2Fv2%2Fmedia&parent=560"}],"wp:term":[{"taxonomy":"category","embeddable":true,"href":"https:\/\/mangatom.com.br\/index.php?rest_route=%2Fwp%2Fv2%2Fcategories&post=560"},{"taxonomy":"post_tag","embeddable":true,"href":"https:\/\/mangatom.com.br\/index.php?rest_route=%2Fwp%2Fv2%2Ftags&post=560"}],"curies":[{"name":"wp","href":"https:\/\/api.w.org\/{rel}","templated":true}]}}