{"id":3944,"date":"2022-07-20T16:00:00","date_gmt":"2022-07-20T19:00:00","guid":{"rendered":"https:\/\/mangatom.com.br\/?p=3944"},"modified":"2025-05-12T23:39:35","modified_gmt":"2025-05-13T02:39:35","slug":"o-mascara-ninguem-segura-esse","status":"publish","type":"post","link":"https:\/\/mangatom.com.br\/?p=3944","title":{"rendered":"O M\u00e1scara &#8211; Ningu\u00e9m segura esse!"},"content":{"rendered":"\n<p>Em 2019 \u201c<strong>O M\u00e1skara<\/strong>\u201d momentaneamente voltou a ser o assunto do momento. <strong>Jim Carrey<\/strong> novamente se viu em alta, gra\u00e7as a sua participa\u00e7\u00e3o como <strong>Eggman<\/strong> no \u00f3timo filme <strong>Sonic The Hedgehog<\/strong>, e boa parte dos f\u00e3s lembrou por tabela como o filme<strong> O M\u00e1skara, de 1994<\/strong>, marcou a carreira do ator. Porem eu achei isso engra\u00e7ado, pois n\u00e3o se falava tanto de <strong>Ace Ventura<\/strong> ou <strong>Debi &amp; L\u00f3ide<\/strong>, que estrearam no mesmo ano, ou dos tr\u00eas. N\u00e3o, era O M\u00e1scara a todo momento, ao menos nas minhas redes sociais. E por tabela esse assunto ia parar nos HQs.<\/p>\n\n\n\n<p>E isso principalmente na gringa. Se fosse outra \u00e9poca esse n\u00e3o seria o caso, mas hoje em dia com o avan\u00e7o da internet possibilitando pesquisas e a grande populariza\u00e7\u00e3o dos quadrinhos como uma m\u00eddia mais ampla, acabou que muitos descobriram a exist\u00eancia dos gibis do M\u00e1scara. E meu deus, 2019 marcou 30 anos da exist\u00eancia do personagem. Ao menos sua vers\u00e3o mais famosa, a qual influenciou o filme. Logo era um assunto impossivel de escapar.<\/p>\n\n\n\n<p>A <strong><a href=\"https:\/\/amzn.to\/3OhnRY8\" target=\"_blank\" rel=\"noreferrer noopener\">Dark Horse<\/a><\/strong> lucrou em cima relan\u00e7ando o t\u00e3o solicitado <strong><a href=\"https:\/\/amzn.to\/3uZ5Oz6\" target=\"_blank\" rel=\"noreferrer noopener\">omnibus<\/a><\/strong> da s\u00e9rie e se depois disso existisse um f\u00e3 do filme que n\u00e3o sabia que esse era baseado num HQ, bem, o cara certamente vive embaixo de uma pedra. Relan\u00e7amento, 30 anos para se comemorar e ator famoso de volta as telas. Ou em outros termos, a hora perfeita de preparar uma thumbnail marota, bolar um click bait e chamar todo mundo para ficar por dentro do assunto. M\u00e1scara era um quadrinho relevante novamente.<\/p>\n\n\n\n<div class=\"wp-block-jetpack-tiled-gallery aligncenter is-style-rectangular\"><div class=\"\"><div class=\"tiled-gallery__gallery\"><div class=\"tiled-gallery__row\"><div class=\"tiled-gallery__col\" style=\"flex-basis:50.00000%\"><figure class=\"tiled-gallery__item\"><img decoding=\"async\" srcset=\"https:\/\/i0.wp.com\/mangatom.com.br\/wp-content\/uploads\/2022\/05\/The-Mask-Omnibus-v1-000-683x1024.jpg?strip=info&#038;w=600&#038;ssl=1 600w,https:\/\/i0.wp.com\/mangatom.com.br\/wp-content\/uploads\/2022\/05\/The-Mask-Omnibus-v1-000-683x1024.jpg?strip=info&#038;w=900&#038;ssl=1 900w,https:\/\/i0.wp.com\/mangatom.com.br\/wp-content\/uploads\/2022\/05\/The-Mask-Omnibus-v1-000-683x1024.jpg?strip=info&#038;w=1200&#038;ssl=1 1200w,https:\/\/i0.wp.com\/mangatom.com.br\/wp-content\/uploads\/2022\/05\/The-Mask-Omnibus-v1-000-683x1024.jpg?strip=info&#038;w=1500&#038;ssl=1 1500w,https:\/\/i0.wp.com\/mangatom.com.br\/wp-content\/uploads\/2022\/05\/The-Mask-Omnibus-v1-000-683x1024.jpg?strip=info&#038;w=1707&#038;ssl=1 1707w\" alt=\"\" data-height=\"2560\" data-id=\"3948\" data-link=\"https:\/\/mangatom.com.br\/?attachment_id=3948\" data-url=\"https:\/\/mangatom.com.br\/wp-content\/uploads\/2022\/05\/The-Mask-Omnibus-v1-000-683x1024.jpg\" data-width=\"1707\" src=\"https:\/\/i0.wp.com\/mangatom.com.br\/wp-content\/uploads\/2022\/05\/The-Mask-Omnibus-v1-000-683x1024.jpg?ssl=1\" data-amp-layout=\"responsive\" tabindex=\"0\" role=\"button\" aria-label=\"Abrir imagem 1 de 2 em tela cheia\"\/><\/figure><\/div><div class=\"tiled-gallery__col\" style=\"flex-basis:50.00000%\"><figure class=\"tiled-gallery__item\"><img decoding=\"async\" srcset=\"https:\/\/i0.wp.com\/mangatom.com.br\/wp-content\/uploads\/2022\/05\/The-Mask-Omnibus-v1-254-scaled.jpg?strip=info&#038;w=600&#038;ssl=1 600w,https:\/\/i0.wp.com\/mangatom.com.br\/wp-content\/uploads\/2022\/05\/The-Mask-Omnibus-v1-254-scaled.jpg?strip=info&#038;w=900&#038;ssl=1 900w,https:\/\/i0.wp.com\/mangatom.com.br\/wp-content\/uploads\/2022\/05\/The-Mask-Omnibus-v1-254-scaled.jpg?strip=info&#038;w=1200&#038;ssl=1 1200w,https:\/\/i0.wp.com\/mangatom.com.br\/wp-content\/uploads\/2022\/05\/The-Mask-Omnibus-v1-254-scaled.jpg?strip=info&#038;w=1500&#038;ssl=1 1500w,https:\/\/i0.wp.com\/mangatom.com.br\/wp-content\/uploads\/2022\/05\/The-Mask-Omnibus-v1-254-scaled.jpg?strip=info&#038;w=1707&#038;ssl=1 1707w\" alt=\"\" data-height=\"2560\" data-id=\"3949\" data-link=\"https:\/\/mangatom.com.br\/?attachment_id=3949\" data-url=\"https:\/\/mangatom.com.br\/wp-content\/uploads\/2022\/05\/The-Mask-Omnibus-v1-254-scaled.jpg\" data-width=\"1707\" src=\"https:\/\/i0.wp.com\/mangatom.com.br\/wp-content\/uploads\/2022\/05\/The-Mask-Omnibus-v1-254-scaled.jpg?ssl=1\" data-amp-layout=\"responsive\" tabindex=\"0\" role=\"button\" aria-label=\"Abrir imagem 2 de 2 em tela cheia\"\/><\/figure><\/div><\/div><\/div><\/div><\/div>\n\n\n\n<p>E como sempre, da gringa isso veio ao Brasil. Alguns v\u00e3o dizer que copiamos eles de novo, mas ao meu ver foi algo inevit\u00e1vel. O M\u00e1scara sempre foi mega popular por aqui, com brinquedos, tazos e o ic\u00f4nico desenho animado, fora o filme em si. Logo o <strong><a href=\"https:\/\/amzn.to\/3B7hdks\" target=\"_blank\" rel=\"noreferrer noopener\">Pipoca &amp; Nanquim<\/a><\/strong> caiu na nostalgia e trouxe os anos 80 de volta. Ia rolar cedo ou tarde, e a hora n\u00e3o podia ser mais propicia.<\/p>\n\n\n\n<p>No caso, o que o trio do <em>petardo<\/em> anunciou foi exatamente o omnibus da Dark Horse. 380 p\u00e1ginas com o creme de l\u00e1 creme do mascarado mais loco de todos os tempos. O cabe\u00e7\u00e3o, ou Big Head se preferir. Uma entidade psic\u00f3tica que na verdade tem mais de 30 anos e que demorou para ser chamado de O M\u00e1skara. Esse sempre foi o objeto, e n\u00e3o o avatar da insanidade que conhecemos.<\/p>\n\n\n\n<p>Na verdade, diria mais. O que conhecemos passa bem longe da origem desse anti-her\u00f3i.<\/p>\n\n\n\n<h2 class=\"wp-block-heading\"><strong>The Masque e Mayhem \u2013 Onde tudo come\u00e7ou.<\/strong><\/h2>\n\n\n\n<p>O personagem O M\u00e1scara foi idealizado por <strong>Mike Richardson<\/strong>, o criador da pr\u00f3pria Dark Horse, que seria a editora onde o personagem viria a ganhar fama. Porem ele n\u00e3o escreveu primeiramente na DH, e sim na independente <strong>Apa-5<\/strong>, uma revista que foi publicada durante os anos 70 e 80.<\/p>\n\n\n\n<div class=\"wp-block-jetpack-tiled-gallery aligncenter is-style-rectangular\"><div class=\"\"><div class=\"tiled-gallery__gallery\"><div class=\"tiled-gallery__row\"><div class=\"tiled-gallery__col\" style=\"flex-basis:50.20524%\"><figure class=\"tiled-gallery__item\"><img decoding=\"async\" srcset=\"https:\/\/i0.wp.com\/mangatom.com.br\/wp-content\/uploads\/2022\/05\/11.zip-01-673x1024.jpg?strip=info&#038;w=600&#038;ssl=1 600w,https:\/\/i0.wp.com\/mangatom.com.br\/wp-content\/uploads\/2022\/05\/11.zip-01-673x1024.jpg?strip=info&#038;w=900&#038;ssl=1 900w,https:\/\/i0.wp.com\/mangatom.com.br\/wp-content\/uploads\/2022\/05\/11.zip-01-673x1024.jpg?strip=info&#038;w=1200&#038;ssl=1 1200w,https:\/\/i0.wp.com\/mangatom.com.br\/wp-content\/uploads\/2022\/05\/11.zip-01-673x1024.jpg?strip=info&#038;w=1345&#038;ssl=1 1345w\" alt=\"\" data-height=\"2047\" data-id=\"3950\" data-link=\"https:\/\/mangatom.com.br\/?attachment_id=3950\" data-url=\"https:\/\/mangatom.com.br\/wp-content\/uploads\/2022\/05\/11.zip-01-673x1024.jpg\" data-width=\"1345\" src=\"https:\/\/i0.wp.com\/mangatom.com.br\/wp-content\/uploads\/2022\/05\/11.zip-01-673x1024.jpg?ssl=1\" data-amp-layout=\"responsive\" tabindex=\"0\" role=\"button\" aria-label=\"Abrir imagem 1 de 2 em tela cheia\"\/><\/figure><\/div><div class=\"tiled-gallery__col\" style=\"flex-basis:49.79476%\"><figure class=\"tiled-gallery__item\"><img decoding=\"async\" srcset=\"https:\/\/i0.wp.com\/mangatom.com.br\/wp-content\/uploads\/2022\/05\/10.zip-13.jpg?strip=info&#038;w=600&#038;ssl=1 600w,https:\/\/i0.wp.com\/mangatom.com.br\/wp-content\/uploads\/2022\/05\/10.zip-13.jpg?strip=info&#038;w=900&#038;ssl=1 900w,https:\/\/i0.wp.com\/mangatom.com.br\/wp-content\/uploads\/2022\/05\/10.zip-13.jpg?strip=info&#038;w=1200&#038;ssl=1 1200w,https:\/\/i0.wp.com\/mangatom.com.br\/wp-content\/uploads\/2022\/05\/10.zip-13.jpg?strip=info&#038;w=1319&#038;ssl=1 1319w\" alt=\"\" data-height=\"2024\" data-id=\"3952\" data-link=\"https:\/\/mangatom.com.br\/?attachment_id=3952\" data-url=\"https:\/\/mangatom.com.br\/wp-content\/uploads\/2022\/05\/10.zip-13.jpg\" data-width=\"1319\" src=\"https:\/\/i0.wp.com\/mangatom.com.br\/wp-content\/uploads\/2022\/05\/10.zip-13.jpg?ssl=1\" data-amp-layout=\"responsive\" tabindex=\"0\" role=\"button\" aria-label=\"Abrir imagem 2 de 2 em tela cheia\"\/><\/figure><\/div><\/div><\/div><\/div><\/div>\n\n\n\n<p class=\"has-text-align-center\"><em>No inicio de tudo, o estranho Masque.<\/em><\/p>\n\n\n\n<p>Apa, para contextualiza\u00e7\u00e3o, e a abreviatura de <strong>Amateur Press Association<\/strong>, ou Associa\u00e7\u00e3o de Imprensa Amadora. Uma categoriza\u00e7\u00e3o dada basicamente a revistas que publicavam <strong>fanzines<\/strong>. A Apa-5 era apenas mais uma dentre uma imensa leva, e infelizmente pouco do seu material foi resgatado. Mais notoriamente se salvaram algumas hist\u00f3rias de <strong><a href=\"https:\/\/amzn.to\/3RRqZwI\" target=\"_blank\" rel=\"noreferrer noopener\">Frank Miller<\/a><\/strong>. J\u00e1 o M\u00e1scara ficou no passado, sendo sua participa\u00e7\u00e3o na revista apenas uma men\u00e7\u00e3o.<\/p>\n\n\n\n<p>O personagem ent\u00e3o foi resgatado em 1987, j\u00e1 na Dark Horse, mas ainda mantendo o lado fanzineiro. Assim participando das edi\u00e7\u00f5es de 10 a 21 da primeira <strong>Dark Horse Presents<\/strong>, uma revista focada em apresentar hist\u00f3rias curtas. Aqui sobe o nome <strong>The Masque<\/strong>, com \u00eanfase no \u201cQ\u201c que virava um ponto de interroga\u00e7\u00e3o (?) para mostrar a natureza misteriosa do personagem.<\/p>\n\n\n\n<p>Fora isso, outras diferen\u00e7as eram vis\u00edveis. O material tinha um grande foco pol\u00edtico social, com personagens jogados sem muito pensar, talvez devido ao limite de p\u00e1ginas cedidas. O tra\u00e7o variava entre o clich\u00ea e o absurdo, com textos e momentos confusos que talvez se aplicassem melhor a \u00e9poca. E at\u00e9 onde consegui ler o personagem Masque nunca teve uma origem e a m\u00e1scara jamais foi mencionada como m\u00edstica.<\/p>\n\n\n\n<div class=\"wp-block-jetpack-tiled-gallery aligncenter is-style-rectangular\"><div class=\"\"><div class=\"tiled-gallery__gallery\"><div class=\"tiled-gallery__row\"><div class=\"tiled-gallery__col\" style=\"flex-basis:50.00000%\"><figure class=\"tiled-gallery__item\"><img decoding=\"async\" srcset=\"https:\/\/i0.wp.com\/mangatom.com.br\/wp-content\/uploads\/2022\/05\/The-Mask-Omnibus-v1-013-683x1024.jpg?strip=info&#038;w=600&#038;ssl=1 600w,https:\/\/i0.wp.com\/mangatom.com.br\/wp-content\/uploads\/2022\/05\/The-Mask-Omnibus-v1-013-683x1024.jpg?strip=info&#038;w=900&#038;ssl=1 900w,https:\/\/i0.wp.com\/mangatom.com.br\/wp-content\/uploads\/2022\/05\/The-Mask-Omnibus-v1-013-683x1024.jpg?strip=info&#038;w=1200&#038;ssl=1 1200w,https:\/\/i0.wp.com\/mangatom.com.br\/wp-content\/uploads\/2022\/05\/The-Mask-Omnibus-v1-013-683x1024.jpg?strip=info&#038;w=1500&#038;ssl=1 1500w,https:\/\/i0.wp.com\/mangatom.com.br\/wp-content\/uploads\/2022\/05\/The-Mask-Omnibus-v1-013-683x1024.jpg?strip=info&#038;w=1707&#038;ssl=1 1707w\" alt=\"\" data-height=\"2560\" data-id=\"3953\" data-link=\"https:\/\/mangatom.com.br\/?attachment_id=3953\" data-url=\"https:\/\/mangatom.com.br\/wp-content\/uploads\/2022\/05\/The-Mask-Omnibus-v1-013-683x1024.jpg\" data-width=\"1707\" src=\"https:\/\/i0.wp.com\/mangatom.com.br\/wp-content\/uploads\/2022\/05\/The-Mask-Omnibus-v1-013-683x1024.jpg?ssl=1\" data-amp-layout=\"responsive\" tabindex=\"0\" role=\"button\" aria-label=\"Abrir imagem 1 de 2 em tela cheia\"\/><\/figure><\/div><div class=\"tiled-gallery__col\" style=\"flex-basis:50.00000%\"><figure class=\"tiled-gallery__item\"><img decoding=\"async\" srcset=\"https:\/\/i0.wp.com\/mangatom.com.br\/wp-content\/uploads\/2022\/05\/The-Mask-Omnibus-v1-053-scaled.jpg?strip=info&#038;w=600&#038;ssl=1 600w,https:\/\/i0.wp.com\/mangatom.com.br\/wp-content\/uploads\/2022\/05\/The-Mask-Omnibus-v1-053-scaled.jpg?strip=info&#038;w=900&#038;ssl=1 900w,https:\/\/i0.wp.com\/mangatom.com.br\/wp-content\/uploads\/2022\/05\/The-Mask-Omnibus-v1-053-scaled.jpg?strip=info&#038;w=1200&#038;ssl=1 1200w,https:\/\/i0.wp.com\/mangatom.com.br\/wp-content\/uploads\/2022\/05\/The-Mask-Omnibus-v1-053-scaled.jpg?strip=info&#038;w=1500&#038;ssl=1 1500w,https:\/\/i0.wp.com\/mangatom.com.br\/wp-content\/uploads\/2022\/05\/The-Mask-Omnibus-v1-053-scaled.jpg?strip=info&#038;w=1707&#038;ssl=1 1707w\" alt=\"\" data-height=\"2560\" data-id=\"3954\" data-link=\"https:\/\/mangatom.com.br\/?attachment_id=3954\" data-url=\"https:\/\/mangatom.com.br\/wp-content\/uploads\/2022\/05\/The-Mask-Omnibus-v1-053-scaled.jpg\" data-width=\"1707\" src=\"https:\/\/i0.wp.com\/mangatom.com.br\/wp-content\/uploads\/2022\/05\/The-Mask-Omnibus-v1-053-scaled.jpg?ssl=1\" data-amp-layout=\"responsive\" tabindex=\"0\" role=\"button\" aria-label=\"Abrir imagem 2 de 2 em tela cheia\"\/><\/figure><\/div><\/div><\/div><\/div><\/div>\n\n\n\n<p class=\"has-text-align-center\"><em>Em Mayhem, a historia era preto e branca, mas recoloriram para a coletania.<\/em><\/p>\n\n\n\n<p>Ainda assim, a natureza mais cartoon se manifestava em alguns desenhos que beiravam ao surreal, com grande destaque a manipula\u00e7\u00e3o do ambiente e n\u00e3o nas altera\u00e7\u00f5es constantes no corpo do personagem. Outra caracter\u00edstica que depois seria mantida e a cor verde na m\u00e1scara, que foi introduzida na edi\u00e7\u00e3o 14 da <strong>Dark Horse Presents<\/strong>. Mas ganhou outras caracter\u00edsticas marcantes apenas em 1989, quando <strong>Chris Warner<\/strong> foi comissionado para criar o visual definitivo do personagem.<\/p>\n\n\n\n<p>Ainda em 89 The Masque seria cedido para a dupla <strong>John Arcudi<\/strong> e <strong>Doug Mahnke<\/strong> na revista <strong>Mayhem<\/strong>, onde o primeiro arco com <strong>Stanley Ipkiss<\/strong> como o M\u00e1skara seria criado, ainda em preto e branco. Nesse ponto \u00e9 que muitas caracter\u00edsticas do personagem s\u00e3o definidas, como imortalidade e criar objetos do nada. Mas seu famoso nome ainda n\u00e3o deu as caras, aqui sendo chamado de Big Head (cabe\u00e7\u00e3o). Um nome que marcaria o personagem por anos.<\/p>\n\n\n\n<h2 class=\"wp-block-heading\"><strong>O filme e o HQ \u2013 O Retorno do M\u00e1skara.<\/strong><\/h2>\n\n\n\n<p>Infelizmente Mayhem foi um fracasso, levando a revista ao cancelamento em 4 cap\u00edtulos. Mas apesar disso a dupla John e Doug receberam a oportunidade de continuar o arco de Ipkiss em 1991, com a miniss\u00e9rie <strong><a href=\"https:\/\/amzn.to\/3OvkM76\" target=\"_blank\" rel=\"noreferrer noopener\">The Mask<\/a><\/strong>. Agora sim associando o nome \u201cO M\u00e1skara\u201d ao quadrinho, por\u00e9m n\u00e3o ao personagem. A m\u00e1scara \u00e9 um objeto de poder, e quem a usa se torna o <strong>Big Head<\/strong>.<\/p>\n\n\n\n<div class=\"wp-block-jetpack-tiled-gallery aligncenter is-style-rectangular\"><div class=\"\"><div class=\"tiled-gallery__gallery\"><div class=\"tiled-gallery__row\"><div class=\"tiled-gallery__col\" style=\"flex-basis:50.00000%\"><figure class=\"tiled-gallery__item\"><img decoding=\"async\" srcset=\"https:\/\/i0.wp.com\/mangatom.com.br\/wp-content\/uploads\/2022\/05\/The-Mask-Omnibus-v1-060-683x1024.jpg?strip=info&#038;w=600&#038;ssl=1 600w,https:\/\/i0.wp.com\/mangatom.com.br\/wp-content\/uploads\/2022\/05\/The-Mask-Omnibus-v1-060-683x1024.jpg?strip=info&#038;w=900&#038;ssl=1 900w,https:\/\/i0.wp.com\/mangatom.com.br\/wp-content\/uploads\/2022\/05\/The-Mask-Omnibus-v1-060-683x1024.jpg?strip=info&#038;w=1200&#038;ssl=1 1200w,https:\/\/i0.wp.com\/mangatom.com.br\/wp-content\/uploads\/2022\/05\/The-Mask-Omnibus-v1-060-683x1024.jpg?strip=info&#038;w=1500&#038;ssl=1 1500w,https:\/\/i0.wp.com\/mangatom.com.br\/wp-content\/uploads\/2022\/05\/The-Mask-Omnibus-v1-060-683x1024.jpg?strip=info&#038;w=1707&#038;ssl=1 1707w\" alt=\"\" data-height=\"2560\" data-id=\"3955\" data-link=\"https:\/\/mangatom.com.br\/?attachment_id=3955\" data-url=\"https:\/\/mangatom.com.br\/wp-content\/uploads\/2022\/05\/The-Mask-Omnibus-v1-060-683x1024.jpg\" data-width=\"1707\" src=\"https:\/\/i0.wp.com\/mangatom.com.br\/wp-content\/uploads\/2022\/05\/The-Mask-Omnibus-v1-060-683x1024.jpg?ssl=1\" data-amp-layout=\"responsive\" tabindex=\"0\" role=\"button\" aria-label=\"Abrir imagem 1 de 2 em tela cheia\"\/><\/figure><\/div><div class=\"tiled-gallery__col\" style=\"flex-basis:50.00000%\"><figure class=\"tiled-gallery__item\"><img decoding=\"async\" srcset=\"https:\/\/i0.wp.com\/mangatom.com.br\/wp-content\/uploads\/2022\/05\/The-Mask-Omnibus-v1-066-scaled.jpg?strip=info&#038;w=600&#038;ssl=1 600w,https:\/\/i0.wp.com\/mangatom.com.br\/wp-content\/uploads\/2022\/05\/The-Mask-Omnibus-v1-066-scaled.jpg?strip=info&#038;w=900&#038;ssl=1 900w,https:\/\/i0.wp.com\/mangatom.com.br\/wp-content\/uploads\/2022\/05\/The-Mask-Omnibus-v1-066-scaled.jpg?strip=info&#038;w=1200&#038;ssl=1 1200w,https:\/\/i0.wp.com\/mangatom.com.br\/wp-content\/uploads\/2022\/05\/The-Mask-Omnibus-v1-066-scaled.jpg?strip=info&#038;w=1500&#038;ssl=1 1500w,https:\/\/i0.wp.com\/mangatom.com.br\/wp-content\/uploads\/2022\/05\/The-Mask-Omnibus-v1-066-scaled.jpg?strip=info&#038;w=1707&#038;ssl=1 1707w\" alt=\"\" data-height=\"2560\" data-id=\"3956\" data-link=\"https:\/\/mangatom.com.br\/?attachment_id=3956\" data-url=\"https:\/\/mangatom.com.br\/wp-content\/uploads\/2022\/05\/The-Mask-Omnibus-v1-066-scaled.jpg\" data-width=\"1707\" src=\"https:\/\/i0.wp.com\/mangatom.com.br\/wp-content\/uploads\/2022\/05\/The-Mask-Omnibus-v1-066-scaled.jpg?ssl=1\" data-amp-layout=\"responsive\" tabindex=\"0\" role=\"button\" aria-label=\"Abrir imagem 2 de 2 em tela cheia\"\/><\/figure><\/div><\/div><\/div><\/div><\/div>\n\n\n\n<p class=\"has-text-align-center\"><em>Kellaway certamente \u00e9 um dos personagem mais iconico nos HQs<\/em><\/p>\n\n\n\n<p>Esse t\u00edtulo, \u201cCabe\u00e7\u00e3o\u201d, foi dado por outro personagem recorrente, o detetive <strong>Kellaway<\/strong>. O qual aparece junto de Stanley e a m\u00e1scara no filme de 1994. Porem as semelhan\u00e7as param a\u00ed. O quadrinho \u00e9 inegavelmente mais adulto, cheio de humor negro e viol\u00eancia. Existe sim aqueles poderes mais cartoon, mas pense que se ele usar uma dinamite em algu\u00e9m, tripas v\u00e3o sair voando. Aqui \u00e9 tudo mais visceral, mais dark.<\/p>\n\n\n\n<p>Mas isso estamos falando do cabe\u00e7\u00e3o apenas, uma entidade insana que abita na m\u00e1scara e amplifica os desejos do usu\u00e1rio. \u00c9 um objeto de vingan\u00e7a, luxuria, ganancia&#8230; que manipula o seu pr\u00f3prio ser e tenta se apoderar do usu\u00e1rio. Um poder a grande custo, que inclusive pode se comunicar e alterar leves pontos de realidade sem ser vestida. Uma verdadeira maldi\u00e7\u00e3o.<\/p>\n\n\n\n<p>Quando vamos para outros personagens \u00e9 bem diferente. O HQ constantemente muda o ponto de vista entre o usu\u00e1rio da m\u00e1scara e pessoas que acompanham o desenrolar de eventos causados por ele. O grande destaque aqui \u00e9 justamente ao j\u00e1 mencionado Kellaway, o qual veste cada vez mais o manto de protagonista ao decorrer dos 3 quadrinhos. The Mask, 1991, <strong>The Mask Returns<\/strong>, 1993, e <strong>The Mask Strikes Back<\/strong>, 1995.<\/p>\n\n\n\n<div class=\"wp-block-jetpack-tiled-gallery aligncenter is-style-rectangular\"><div class=\"\"><div class=\"tiled-gallery__gallery\"><div class=\"tiled-gallery__row\"><div class=\"tiled-gallery__col\" style=\"flex-basis:50.00000%\"><figure class=\"tiled-gallery__item\"><img decoding=\"async\" srcset=\"https:\/\/i0.wp.com\/mangatom.com.br\/wp-content\/uploads\/2022\/07\/The-Mask-Omnibus-v1-123-683x1024.jpg?strip=info&#038;w=600&#038;ssl=1 600w,https:\/\/i0.wp.com\/mangatom.com.br\/wp-content\/uploads\/2022\/07\/The-Mask-Omnibus-v1-123-683x1024.jpg?strip=info&#038;w=900&#038;ssl=1 900w,https:\/\/i0.wp.com\/mangatom.com.br\/wp-content\/uploads\/2022\/07\/The-Mask-Omnibus-v1-123-683x1024.jpg?strip=info&#038;w=1200&#038;ssl=1 1200w,https:\/\/i0.wp.com\/mangatom.com.br\/wp-content\/uploads\/2022\/07\/The-Mask-Omnibus-v1-123-683x1024.jpg?strip=info&#038;w=1500&#038;ssl=1 1500w,https:\/\/i0.wp.com\/mangatom.com.br\/wp-content\/uploads\/2022\/07\/The-Mask-Omnibus-v1-123-683x1024.jpg?strip=info&#038;w=1707&#038;ssl=1 1707w\" alt=\"\" data-height=\"2560\" data-id=\"4768\" data-link=\"https:\/\/mangatom.com.br\/?attachment_id=4768\" data-url=\"https:\/\/mangatom.com.br\/wp-content\/uploads\/2022\/07\/The-Mask-Omnibus-v1-123-683x1024.jpg\" data-width=\"1707\" src=\"https:\/\/i0.wp.com\/mangatom.com.br\/wp-content\/uploads\/2022\/07\/The-Mask-Omnibus-v1-123-683x1024.jpg?ssl=1\" data-amp-layout=\"responsive\" tabindex=\"0\" role=\"button\" aria-label=\"Abrir imagem 1 de 2 em tela cheia\"\/><\/figure><\/div><div class=\"tiled-gallery__col\" style=\"flex-basis:50.00000%\"><figure class=\"tiled-gallery__item\"><img decoding=\"async\" srcset=\"https:\/\/i0.wp.com\/mangatom.com.br\/wp-content\/uploads\/2022\/07\/The-Mask-Omnibus-v1-143-683x1024.jpg?strip=info&#038;w=600&#038;ssl=1 600w,https:\/\/i0.wp.com\/mangatom.com.br\/wp-content\/uploads\/2022\/07\/The-Mask-Omnibus-v1-143-683x1024.jpg?strip=info&#038;w=900&#038;ssl=1 900w,https:\/\/i0.wp.com\/mangatom.com.br\/wp-content\/uploads\/2022\/07\/The-Mask-Omnibus-v1-143-683x1024.jpg?strip=info&#038;w=1200&#038;ssl=1 1200w,https:\/\/i0.wp.com\/mangatom.com.br\/wp-content\/uploads\/2022\/07\/The-Mask-Omnibus-v1-143-683x1024.jpg?strip=info&#038;w=1500&#038;ssl=1 1500w,https:\/\/i0.wp.com\/mangatom.com.br\/wp-content\/uploads\/2022\/07\/The-Mask-Omnibus-v1-143-683x1024.jpg?strip=info&#038;w=1707&#038;ssl=1 1707w\" alt=\"\" data-height=\"2560\" data-id=\"4769\" data-link=\"https:\/\/mangatom.com.br\/?attachment_id=4769\" data-url=\"https:\/\/mangatom.com.br\/wp-content\/uploads\/2022\/07\/The-Mask-Omnibus-v1-143-683x1024.jpg\" data-width=\"1707\" src=\"https:\/\/i0.wp.com\/mangatom.com.br\/wp-content\/uploads\/2022\/07\/The-Mask-Omnibus-v1-143-683x1024.jpg?ssl=1\" data-amp-layout=\"responsive\" tabindex=\"0\" role=\"button\" aria-label=\"Abrir imagem 2 de 2 em tela cheia\"\/><\/figure><\/div><\/div><\/div><\/div><\/div>\n\n\n\n<p class=\"has-text-align-center\"><em>Uma entidade do caos virtualmente imortal<\/em><\/p>\n\n\n\n<p id=\"mask-film\">Isso \u00e9 uma disson\u00e2ncia bem grande entre o filme e os quadrinhos. No longa de <strong>Chuck Russell <\/strong>temos um Mask\u00e1ra bem mais voltado a desenhos animados, num filme que constantemente refer\u00eancia suas influencias e que na realidade puxa bem pouco do HQ The Mask. Na verdade, tirando Kellway e a pol\u00edcia, o filme se baseia muito mais em Mayhem. No come\u00e7o, no arco de Stanley Ipkiss, o qual por algum motivo virou her\u00f3i e protagonista dessa famosa comedia.<\/p>\n\n\n\n<p>Digo isso pois se o Ipkiss dos filmes \u00e9 um fracassado, o dos quadrinhos est\u00e1 no fundo de um po\u00e7o cavando cada vez mais e buscando a pr\u00f3pria cova. Ele \u00e9 um imbecil, vingativo, psic\u00f3tico e man\u00edaco por militarismo, entre diversos outros adjetivos que completam um personagem detest\u00e1vel e vil. Ao ponto de que nesse come\u00e7o, mais que um anti-her\u00f3i, ele \u00e9 um vil\u00e3o completo, ao ponto de quase entrar na categoria de <em>slasher<\/em>.<\/p>\n\n\n\n<p>Voc\u00ea fica acompanhando ele com o mais puro desejo de que ele perca e sofra com as consequ\u00eancias, enquanto no filme \u00e9 o completo oposto. Ipkiss \u00e9 um bobo am\u00e1vel, infantil, que busca se divertir como nunca quando usa a m\u00e1scara. Ou melhor dizendo, quando se transforma no M\u00e1skara. Pois foi nos cinemas que o nome The Mask passou a ser atrelado ao personagem, apesar de n\u00e3o ser ainda utilizado nos HQs.<\/p>\n\n\n\n<figure class=\"wp-block-gallery has-nested-images columns-default is-cropped wp-block-gallery-1 is-layout-flex wp-block-gallery-is-layout-flex\">\n<figure class=\"wp-block-image size-large\"><img data-recalc-dims=\"1\" fetchpriority=\"high\" decoding=\"async\" width=\"790\" height=\"501\" data-id=\"3959\" src=\"https:\/\/i0.wp.com\/mangatom.com.br\/wp-content\/uploads\/2022\/05\/mask-.jpg?resize=790%2C501&#038;ssl=1\" alt=\"\" class=\"wp-image-3959\" srcset=\"https:\/\/i0.wp.com\/mangatom.com.br\/wp-content\/uploads\/2022\/05\/mask-.jpg?resize=1024%2C649&amp;ssl=1 1024w, https:\/\/i0.wp.com\/mangatom.com.br\/wp-content\/uploads\/2022\/05\/mask-.jpg?resize=300%2C190&amp;ssl=1 300w, https:\/\/i0.wp.com\/mangatom.com.br\/wp-content\/uploads\/2022\/05\/mask-.jpg?resize=768%2C487&amp;ssl=1 768w, https:\/\/i0.wp.com\/mangatom.com.br\/wp-content\/uploads\/2022\/05\/mask-.jpg?w=1275&amp;ssl=1 1275w\" sizes=\"(max-width: 790px) 100vw, 790px\" \/><figcaption class=\"wp-element-caption\">O cl\u00e1ssico M\u00e1skara, com Jim Carrey<\/figcaption><\/figure>\n<\/figure>\n\n\n\n<p>E para a surpresa de muitos, o Ipkiss cuz\u00e3o dos quadrinhos aparenta ter uma vida boa e inclusive tem uma namorada. Algo que o personagem do filme nem sonhava. Logo esse cara das HQs \u00e9 um merda merda mesmo, que sinceramente nem deveria ter ganho um filme. Agora sua namorada, Kathy, essa sim merecia muito mais.<\/p>\n\n\n\n<p>Kathy \u00e9 outra personagem recorrente que vai cada vez mais se definindo como protagonista, ao ponto de que eu colocaria ela e Kellaway como os principais. Duas pessoas que foram afetadas diretamente pelo Big Head e que buscam solucionar diversos mist\u00e9rios envolvendo ele, e que tem como objetivo final destruir o artefato.<\/p>\n\n\n\n<p>Logo os HQs seguem como uma esp\u00e9cie de passa, passa. Toda hora algu\u00e9m perde a m\u00e1scara, joga fora, morre, e assim vai. Com o Big Head sendo revivido em diversas pessoas, cada uma com desejos diferentes que por vez mudam o personagem. No seu caminho temos Kellaway e a pol\u00edcia, a teimosa Kathy e o principal antagonista da s\u00e9rie, <strong>Walter<\/strong>.<\/p>\n\n\n\n<div class=\"wp-block-jetpack-tiled-gallery aligncenter is-style-rectangular\"><div class=\"\"><div class=\"tiled-gallery__gallery\"><div class=\"tiled-gallery__row\"><div class=\"tiled-gallery__col\" style=\"flex-basis:50.00000%\"><figure class=\"tiled-gallery__item\"><img decoding=\"async\" srcset=\"https:\/\/i0.wp.com\/mangatom.com.br\/wp-content\/uploads\/2022\/05\/The-Mask-Omnibus-v1-345-683x1024.jpg?strip=info&#038;w=600&#038;ssl=1 600w,https:\/\/i0.wp.com\/mangatom.com.br\/wp-content\/uploads\/2022\/05\/The-Mask-Omnibus-v1-345-683x1024.jpg?strip=info&#038;w=900&#038;ssl=1 900w,https:\/\/i0.wp.com\/mangatom.com.br\/wp-content\/uploads\/2022\/05\/The-Mask-Omnibus-v1-345-683x1024.jpg?strip=info&#038;w=1200&#038;ssl=1 1200w,https:\/\/i0.wp.com\/mangatom.com.br\/wp-content\/uploads\/2022\/05\/The-Mask-Omnibus-v1-345-683x1024.jpg?strip=info&#038;w=1500&#038;ssl=1 1500w,https:\/\/i0.wp.com\/mangatom.com.br\/wp-content\/uploads\/2022\/05\/The-Mask-Omnibus-v1-345-683x1024.jpg?strip=info&#038;w=1707&#038;ssl=1 1707w\" alt=\"\" data-height=\"2560\" data-id=\"3958\" data-link=\"https:\/\/mangatom.com.br\/?attachment_id=3958\" data-url=\"https:\/\/mangatom.com.br\/wp-content\/uploads\/2022\/05\/The-Mask-Omnibus-v1-345-683x1024.jpg\" data-width=\"1707\" src=\"https:\/\/i0.wp.com\/mangatom.com.br\/wp-content\/uploads\/2022\/05\/The-Mask-Omnibus-v1-345-683x1024.jpg?ssl=1\" data-amp-layout=\"responsive\" tabindex=\"0\" role=\"button\" aria-label=\"Abrir imagem 1 de 2 em tela cheia\"\/><\/figure><\/div><div class=\"tiled-gallery__col\" style=\"flex-basis:50.00000%\"><figure class=\"tiled-gallery__item\"><img decoding=\"async\" srcset=\"https:\/\/i0.wp.com\/mangatom.com.br\/wp-content\/uploads\/2022\/05\/The-Mask-Omnibus-v1-073-683x1024.jpg?strip=info&#038;w=600&#038;ssl=1 600w,https:\/\/i0.wp.com\/mangatom.com.br\/wp-content\/uploads\/2022\/05\/The-Mask-Omnibus-v1-073-683x1024.jpg?strip=info&#038;w=900&#038;ssl=1 900w,https:\/\/i0.wp.com\/mangatom.com.br\/wp-content\/uploads\/2022\/05\/The-Mask-Omnibus-v1-073-683x1024.jpg?strip=info&#038;w=1200&#038;ssl=1 1200w,https:\/\/i0.wp.com\/mangatom.com.br\/wp-content\/uploads\/2022\/05\/The-Mask-Omnibus-v1-073-683x1024.jpg?strip=info&#038;w=1500&#038;ssl=1 1500w,https:\/\/i0.wp.com\/mangatom.com.br\/wp-content\/uploads\/2022\/05\/The-Mask-Omnibus-v1-073-683x1024.jpg?strip=info&#038;w=1707&#038;ssl=1 1707w\" alt=\"\" data-height=\"2560\" data-id=\"3964\" data-link=\"https:\/\/mangatom.com.br\/?attachment_id=3964\" data-url=\"https:\/\/mangatom.com.br\/wp-content\/uploads\/2022\/05\/The-Mask-Omnibus-v1-073-683x1024.jpg\" data-width=\"1707\" src=\"https:\/\/i0.wp.com\/mangatom.com.br\/wp-content\/uploads\/2022\/05\/The-Mask-Omnibus-v1-073-683x1024.jpg?ssl=1\" data-amp-layout=\"responsive\" tabindex=\"0\" role=\"button\" aria-label=\"Abrir imagem 2 de 2 em tela cheia\"\/><\/figure><\/div><\/div><\/div><\/div><\/div>\n\n\n\n<p class=\"has-text-align-center\"><em>Walter \u00e9 um dos meus vil\u00f5es favoritos. O mesmo pode ser dito tecnicamente do M\u00e1skara.<\/em><\/p>\n\n\n\n<p>Os 3 primeiros \u00e1lbuns foram compilados no <strong>primeiro Omnibus<\/strong>, fechando basicamente o arco desses 3 personagens. Existe claramente um final em Strikes Back, e um muito bom por sinal, assim sendo esses cap\u00edtulos o melhor que a s\u00e9rie tem a oferecer. Algo imperd\u00edvel para qualquer f\u00e3 de quadrinhos.<\/p>\n\n\n\n<p>J\u00e1 o filme deu a volta e foi adaptado para quadrinhos em <strong>The Mask: Official Movie Adaptation<\/strong>, de 1994. O qual reconta os ocorridos do longa metragem com algumas cenas in\u00e9ditas e toques na arte que beneficiam o HQ. Essa vers\u00e3o foi feita por Mike Richarson e <strong>Kilian Plunkett<\/strong>. Mas n\u00e3o se engane&#8230; mesmo tendo o criador original evolvido \u00e9 so mais uma adapta\u00e7\u00e3o, como diz o nome. Fique com a vers\u00e3o dos cinemas e aproveite as trapalhadas de Jim Carrey.<\/p>\n\n\n\n<h2 class=\"wp-block-heading\" id=\"walter\"><strong>Walter e os desenhos matinais<\/strong><\/h2>\n\n\n\n<p>Mas chega de falar no M\u00e1skara e vamos falar um pouco do grande vil\u00e3o, Walter. Apesar se sua import\u00e2ncia nos HQs, esse personagem acabou ficando mais famoso no desenho <strong>O M\u00e1skara, de 1995<\/strong>. Onde o mesmo foi adaptado da forma mais literal poss\u00edvel. Um brutamontes gigante, superforte que n\u00e3o sente um pingo de dor ou remorso, quase invenc\u00edvel, at\u00e9 para o M\u00e1skara. Com o \u00fanico diferencial sendo o uso deste nos <em>plots<\/em> e os rios de sangue e tripas que ele proporcionava nos HQs.<\/p>\n\n\n\n<div class=\"wp-block-jetpack-tiled-gallery aligncenter is-style-rectangular\"><div class=\"\"><div class=\"tiled-gallery__gallery\"><div class=\"tiled-gallery__row\"><div class=\"tiled-gallery__col\" style=\"flex-basis:53.86791%\"><figure class=\"tiled-gallery__item\"><img decoding=\"async\" srcset=\"https:\/\/i0.wp.com\/mangatom.com.br\/wp-content\/uploads\/2022\/05\/D_NQ_NP_918983-MLB40713298849_022020-O.jpg?strip=info&#038;w=500&#038;ssl=1 500w\" alt=\"\" data-height=\"321\" data-id=\"3962\" data-link=\"https:\/\/mangatom.com.br\/?attachment_id=3962\" data-url=\"https:\/\/mangatom.com.br\/wp-content\/uploads\/2022\/05\/D_NQ_NP_918983-MLB40713298849_022020-O.jpg\" data-width=\"500\" src=\"https:\/\/i0.wp.com\/mangatom.com.br\/wp-content\/uploads\/2022\/05\/D_NQ_NP_918983-MLB40713298849_022020-O.jpg?ssl=1\" data-amp-layout=\"responsive\" tabindex=\"0\" role=\"button\" aria-label=\"Abrir imagem 1 de 2 em tela cheia\"\/><\/figure><\/div><div class=\"tiled-gallery__col\" style=\"flex-basis:46.13209%\"><figure class=\"tiled-gallery__item\"><img decoding=\"async\" srcset=\"https:\/\/i0.wp.com\/mangatom.com.br\/wp-content\/uploads\/2022\/05\/O-Maskara-1995-Seria-Animada-Completa-The-Mask-Animated-Series-3.jpg?strip=info&#038;w=600&#038;ssl=1 600w,https:\/\/i0.wp.com\/mangatom.com.br\/wp-content\/uploads\/2022\/05\/O-Maskara-1995-Seria-Animada-Completa-The-Mask-Animated-Series-3.jpg?strip=info&#038;w=704&#038;ssl=1 704w\" alt=\"\" data-height=\"528\" data-id=\"3961\" data-link=\"https:\/\/mangatom.com.br\/?attachment_id=3961\" data-url=\"https:\/\/mangatom.com.br\/wp-content\/uploads\/2022\/05\/O-Maskara-1995-Seria-Animada-Completa-The-Mask-Animated-Series-3.jpg\" data-width=\"704\" src=\"https:\/\/i0.wp.com\/mangatom.com.br\/wp-content\/uploads\/2022\/05\/O-Maskara-1995-Seria-Animada-Completa-The-Mask-Animated-Series-3.jpg?ssl=1\" data-amp-layout=\"responsive\" tabindex=\"0\" role=\"button\" aria-label=\"Abrir imagem 2 de 2 em tela cheia\"\/><\/figure><\/div><\/div><\/div><\/div><\/div>\n\n\n\n<p class=\"has-text-align-center\"><em>Amava as transforma\u00e7\u00f5es<\/em><\/p>\n\n\n\n<p>O Desenho logicamente se baseia bem mais no filme, tomando l\u00e1 suas liberdades para deixar tudo ainda mais cartoon e elevar o M\u00e1skara definitivamente ao status de her\u00f3i. Ele ainda causa confus\u00e3o pela cidade, mas nunca mata e sempre termina o dia salvando todos. Com Walter retomando seu papel de capanga, porem agora para o vil\u00e3o <strong>Septimus Pretorius<\/strong>. Um cyborg cientista baseado no famoso doutor de <strong>A Noiva de Frankenstein<\/strong>. O que define por vez Walter, apesar de nunca mencionado, como uma esp\u00e9cie de monstro de Frankenstein.<\/p>\n\n\n\n<p>Do filme retornam no desenho o c\u00e3ozinho <strong>Milo<\/strong>, a rep\u00f3rter <strong>Peggy Brandt<\/strong>, o banc\u00e1rio <strong>Charlie Schumacher<\/strong> e o <strong>terapeuta Arthur Neuman<\/strong>. Todos alterados para entrar mais na <em>vibe<\/em> do show e n\u00e3o ter muita liga\u00e7\u00e3o com o longa. Sendo o Kellaway do desenho uma mistura dos 2 detetives, puxando mais para o filme e o deixando como alivio c\u00f4mico recorrente. Quase que um fim tr\u00e1gico para o protagonista dos quadrinhos, se ele n\u00e3o fosse retornar nos HQs.<\/p>\n\n\n\n<p>E falando em retorno, Walter d\u00e1 as caras novamente no \u00faltimo trabalho de John e Doug relacionado ao universo do M\u00e1skara, com <strong>Walter: Campaign Of Terror<\/strong>, em 1995. Aqui a hist\u00f3ria obviamente se foca em Walter como principal, com Big Head apenas sendo mencionado. Como uma esp\u00e9cie de obsess\u00e3o.<\/p>\n\n\n\n<div class=\"wp-block-jetpack-tiled-gallery aligncenter is-style-rectangular\"><div class=\"\"><div class=\"tiled-gallery__gallery\"><div class=\"tiled-gallery__row\"><div class=\"tiled-gallery__col\" style=\"flex-basis:50.16701%\"><figure class=\"tiled-gallery__item\"><img decoding=\"async\" srcset=\"https:\/\/i0.wp.com\/mangatom.com.br\/wp-content\/uploads\/2022\/07\/Walter-Campaign-Of-Terror-02-of-04-1996-Rescan-Humperdido.cbr-Walter-Campaign-Of-Terror-02-1996-Rescan-Humperdido-001-660x1024.jpg?strip=info&#038;w=600&#038;ssl=1 600w,https:\/\/i0.wp.com\/mangatom.com.br\/wp-content\/uploads\/2022\/07\/Walter-Campaign-Of-Terror-02-of-04-1996-Rescan-Humperdido.cbr-Walter-Campaign-Of-Terror-02-1996-Rescan-Humperdido-001-660x1024.jpg?strip=info&#038;w=900&#038;ssl=1 900w,https:\/\/i0.wp.com\/mangatom.com.br\/wp-content\/uploads\/2022\/07\/Walter-Campaign-Of-Terror-02-of-04-1996-Rescan-Humperdido.cbr-Walter-Campaign-Of-Terror-02-1996-Rescan-Humperdido-001-660x1024.jpg?strip=info&#038;w=1200&#038;ssl=1 1200w,https:\/\/i0.wp.com\/mangatom.com.br\/wp-content\/uploads\/2022\/07\/Walter-Campaign-Of-Terror-02-of-04-1996-Rescan-Humperdido.cbr-Walter-Campaign-Of-Terror-02-1996-Rescan-Humperdido-001-660x1024.jpg?strip=info&#038;w=1500&#038;ssl=1 1500w,https:\/\/i0.wp.com\/mangatom.com.br\/wp-content\/uploads\/2022\/07\/Walter-Campaign-Of-Terror-02-of-04-1996-Rescan-Humperdido.cbr-Walter-Campaign-Of-Terror-02-1996-Rescan-Humperdido-001-660x1024.jpg?strip=info&#038;w=1650&#038;ssl=1 1650w\" alt=\"\" data-height=\"2560\" data-id=\"4509\" data-link=\"https:\/\/mangatom.com.br\/?attachment_id=4509\" data-url=\"https:\/\/mangatom.com.br\/wp-content\/uploads\/2022\/07\/Walter-Campaign-Of-Terror-02-of-04-1996-Rescan-Humperdido.cbr-Walter-Campaign-Of-Terror-02-1996-Rescan-Humperdido-001-660x1024.jpg\" data-width=\"1650\" src=\"https:\/\/i0.wp.com\/mangatom.com.br\/wp-content\/uploads\/2022\/07\/Walter-Campaign-Of-Terror-02-of-04-1996-Rescan-Humperdido.cbr-Walter-Campaign-Of-Terror-02-1996-Rescan-Humperdido-001-660x1024.jpg?ssl=1\" data-amp-layout=\"responsive\" tabindex=\"0\" role=\"button\" aria-label=\"Abrir imagem 1 de 2 em tela cheia\"\/><\/figure><\/div><div class=\"tiled-gallery__col\" style=\"flex-basis:49.83299%\"><figure class=\"tiled-gallery__item\"><img decoding=\"async\" srcset=\"https:\/\/i0.wp.com\/mangatom.com.br\/wp-content\/uploads\/2022\/07\/Walter-Campaign-Of-Terror-02-of-04-1996-Rescan-Humperdido.cbr-Walter-Campaign-Of-Terror-02-1996-Rescan-Humperdido-022-656x1024.jpg?strip=info&#038;w=600&#038;ssl=1 600w,https:\/\/i0.wp.com\/mangatom.com.br\/wp-content\/uploads\/2022\/07\/Walter-Campaign-Of-Terror-02-of-04-1996-Rescan-Humperdido.cbr-Walter-Campaign-Of-Terror-02-1996-Rescan-Humperdido-022-656x1024.jpg?strip=info&#038;w=900&#038;ssl=1 900w,https:\/\/i0.wp.com\/mangatom.com.br\/wp-content\/uploads\/2022\/07\/Walter-Campaign-Of-Terror-02-of-04-1996-Rescan-Humperdido.cbr-Walter-Campaign-Of-Terror-02-1996-Rescan-Humperdido-022-656x1024.jpg?strip=info&#038;w=1200&#038;ssl=1 1200w,https:\/\/i0.wp.com\/mangatom.com.br\/wp-content\/uploads\/2022\/07\/Walter-Campaign-Of-Terror-02-of-04-1996-Rescan-Humperdido.cbr-Walter-Campaign-Of-Terror-02-1996-Rescan-Humperdido-022-656x1024.jpg?strip=info&#038;w=1500&#038;ssl=1 1500w,https:\/\/i0.wp.com\/mangatom.com.br\/wp-content\/uploads\/2022\/07\/Walter-Campaign-Of-Terror-02-of-04-1996-Rescan-Humperdido.cbr-Walter-Campaign-Of-Terror-02-1996-Rescan-Humperdido-022-656x1024.jpg?strip=info&#038;w=1639&#038;ssl=1 1639w\" alt=\"\" data-height=\"2560\" data-id=\"4510\" data-link=\"https:\/\/mangatom.com.br\/?attachment_id=4510\" data-url=\"https:\/\/mangatom.com.br\/wp-content\/uploads\/2022\/07\/Walter-Campaign-Of-Terror-02-of-04-1996-Rescan-Humperdido.cbr-Walter-Campaign-Of-Terror-02-1996-Rescan-Humperdido-022-656x1024.jpg\" data-width=\"1639\" src=\"https:\/\/i0.wp.com\/mangatom.com.br\/wp-content\/uploads\/2022\/07\/Walter-Campaign-Of-Terror-02-of-04-1996-Rescan-Humperdido.cbr-Walter-Campaign-Of-Terror-02-1996-Rescan-Humperdido-022-656x1024.jpg?ssl=1\" data-amp-layout=\"responsive\" tabindex=\"0\" role=\"button\" aria-label=\"Abrir imagem 2 de 2 em tela cheia\"\/><\/figure><\/div><\/div><\/div><\/div><\/div>\n\n\n\n<p>Isto \u00e9, mencionado de forma visual. Walter n\u00e3o fala, nada. O que torna esse tipo de quadrinho complicado e fica a pergunta, mas qual \u00e9 o <em>plot<\/em>? A parte do M\u00e1skara teve um desfecho e o brutamontes vai voltar a ser um assassino? N\u00e3o, ele vai ir de vil\u00e3o a her\u00f3i, ou melhor dizendo, a um candidato \u00e0 prefeitura. Sim, um gigante assasasino convicto e pouco inteligente.<\/p>\n\n\n\n<p>O legal aqui \u00e9 justamente como mudam o foco do personagem. Walter vai ser levado por uma s\u00e9rie de personagens, cada um com seus objetivos pr\u00f3prios em uma intriga pol\u00edtica suja de arrepiar, onde n\u00e3o existe um lado benigno. Culminando num final surpreendente que promete agradar quem gostou do primeiro omnibus do M\u00e1skara. Mas que infelismente vai deixar com gosto de quero mais.<\/p>\n\n\n\n<p>Walter: Campaign Of Terror n\u00e3o est\u00e1 incluso em nenhum dos compilados e marca o final do personagem. Logo se deseja mais dele so resta importar ou buscar o j\u00e1 mencionado desenho para reviver a inf\u00e2ncia. Se n\u00e3o, opte pela a adapta\u00e7\u00e3o do mesmo para quadrinhos em <strong>Adventures of The Mask<\/strong>, de 1996.<\/p>\n\n\n\n<div class=\"wp-block-jetpack-tiled-gallery aligncenter is-style-rectangular\"><div class=\"\"><div class=\"tiled-gallery__gallery\"><div class=\"tiled-gallery__row\"><div class=\"tiled-gallery__col\" style=\"flex-basis:50.00000%\"><figure class=\"tiled-gallery__item\"><img decoding=\"async\" srcset=\"https:\/\/i0.wp.com\/mangatom.com.br\/wp-content\/uploads\/2022\/07\/Adventures-of-The-Mask-Omnibus-2009.cbr-Adventures-of-the-Mask-Omnibus-334-683x1024.jpg?strip=info&#038;w=600&#038;ssl=1 600w,https:\/\/i0.wp.com\/mangatom.com.br\/wp-content\/uploads\/2022\/07\/Adventures-of-The-Mask-Omnibus-2009.cbr-Adventures-of-the-Mask-Omnibus-334-683x1024.jpg?strip=info&#038;w=900&#038;ssl=1 900w,https:\/\/i0.wp.com\/mangatom.com.br\/wp-content\/uploads\/2022\/07\/Adventures-of-The-Mask-Omnibus-2009.cbr-Adventures-of-the-Mask-Omnibus-334-683x1024.jpg?strip=info&#038;w=1200&#038;ssl=1 1200w,https:\/\/i0.wp.com\/mangatom.com.br\/wp-content\/uploads\/2022\/07\/Adventures-of-The-Mask-Omnibus-2009.cbr-Adventures-of-the-Mask-Omnibus-334-683x1024.jpg?strip=info&#038;w=1280&#038;ssl=1 1280w\" alt=\"\" data-height=\"1920\" data-id=\"4506\" data-link=\"https:\/\/mangatom.com.br\/?attachment_id=4506\" data-url=\"https:\/\/mangatom.com.br\/wp-content\/uploads\/2022\/07\/Adventures-of-The-Mask-Omnibus-2009.cbr-Adventures-of-the-Mask-Omnibus-334-683x1024.jpg\" data-width=\"1280\" src=\"https:\/\/i0.wp.com\/mangatom.com.br\/wp-content\/uploads\/2022\/07\/Adventures-of-The-Mask-Omnibus-2009.cbr-Adventures-of-the-Mask-Omnibus-334-683x1024.jpg?ssl=1\" data-amp-layout=\"responsive\" tabindex=\"0\" role=\"button\" aria-label=\"Abrir imagem 1 de 2 em tela cheia\"\/><\/figure><\/div><div class=\"tiled-gallery__col\" style=\"flex-basis:50.00000%\"><figure class=\"tiled-gallery__item\"><img decoding=\"async\" srcset=\"https:\/\/i0.wp.com\/mangatom.com.br\/wp-content\/uploads\/2022\/07\/Adventures-of-The-Mask-Omnibus-2009.cbr-Adventures-of-the-Mask-Omnibus-366-683x1024.jpg?strip=info&#038;w=600&#038;ssl=1 600w,https:\/\/i0.wp.com\/mangatom.com.br\/wp-content\/uploads\/2022\/07\/Adventures-of-The-Mask-Omnibus-2009.cbr-Adventures-of-the-Mask-Omnibus-366-683x1024.jpg?strip=info&#038;w=900&#038;ssl=1 900w,https:\/\/i0.wp.com\/mangatom.com.br\/wp-content\/uploads\/2022\/07\/Adventures-of-The-Mask-Omnibus-2009.cbr-Adventures-of-the-Mask-Omnibus-366-683x1024.jpg?strip=info&#038;w=1200&#038;ssl=1 1200w,https:\/\/i0.wp.com\/mangatom.com.br\/wp-content\/uploads\/2022\/07\/Adventures-of-The-Mask-Omnibus-2009.cbr-Adventures-of-the-Mask-Omnibus-366-683x1024.jpg?strip=info&#038;w=1280&#038;ssl=1 1280w\" alt=\"\" data-height=\"1920\" data-id=\"4504\" data-link=\"https:\/\/mangatom.com.br\/?attachment_id=4504\" data-url=\"https:\/\/mangatom.com.br\/wp-content\/uploads\/2022\/07\/Adventures-of-The-Mask-Omnibus-2009.cbr-Adventures-of-the-Mask-Omnibus-366-683x1024.jpg\" data-width=\"1280\" src=\"https:\/\/i0.wp.com\/mangatom.com.br\/wp-content\/uploads\/2022\/07\/Adventures-of-The-Mask-Omnibus-2009.cbr-Adventures-of-the-Mask-Omnibus-366-683x1024.jpg?ssl=1\" data-amp-layout=\"responsive\" tabindex=\"0\" role=\"button\" aria-label=\"Abrir imagem 2 de 2 em tela cheia\"\/><\/figure><\/div><\/div><\/div><\/div><\/div>\n\n\n\n<p class=\"has-text-align-center\"><em>Quem n\u00e3o ama o classico tornado verde?<\/em><\/p>\n\n\n\n<p>Ao contr\u00e1rio da adapta\u00e7\u00e3o do filme para HQs, a qual foi uma tremenda bomba, eu enxergo o comic do cartoon como uma op\u00e7\u00e3o v\u00e1lida. Vai logicamente adaptar o desenho, o qual \u00e9 muito diferente do filme e HQ, mas ao menos \u00e9 algo f\u00e1cil de se achar. O cartoon? Nem tanto. Tendo como maior problema o fato do material permanescer inedito no Brasil.<\/p>\n\n\n\n<p>The Mask: Official Movie Adaptation e Adventures of the Mask fazem parte do <strong>terceiro Omnibus<\/strong> da s\u00e9rie, junto das historias exclusivas <strong>The Mask: Virtual Surreality<\/strong>, de 1977, <strong>&#8220;Angry Young Mask&#8221;<\/strong>, de 1999, e <strong>&#8220;No Mask Is an Island&#8221;<\/strong>, de 2000. Onde Virtual Surreality funciona como um epis\u00f3dio extra de Adventures of The Mask. Tal qual Word Tour a ideia e colocar o M\u00e1skara em diversos mundos da Dark Horse, por\u00e9m sem interagir com protagonistas, onde cada local ent\u00e3o recebe um ilustrador convidado. O restante cabe mais como spin-offs.<\/p>\n\n\n\n<h2 class=\"wp-block-heading\" id=\"pladge\"><strong>Continuando um legado<\/strong><\/h2>\n\n\n\n<p>Com o fim da primeira s\u00e9rie e do HQ de Walter, O M\u00e1skara retorna em <strong>The Mask: The Hunt for Green October<\/strong>, ainda em 1995. Agora com um novo time criativo, <strong>Evan Dorkin<\/strong> e <strong>Peter Gross<\/strong>, no que determinaria o novo estilo do personagem.<\/p>\n\n\n\n<div class=\"wp-block-jetpack-tiled-gallery aligncenter is-style-rectangular\"><div class=\"\"><div class=\"tiled-gallery__gallery\"><div class=\"tiled-gallery__row\"><div class=\"tiled-gallery__col\" style=\"flex-basis:50.00000%\"><figure class=\"tiled-gallery__item\"><img decoding=\"async\" srcset=\"https:\/\/i0.wp.com\/mangatom.com.br\/wp-content\/uploads\/2022\/07\/02-The-Mask-Omnibus-v02-2009.cbr-The-Mask-Omnibus-Volume-2-023-682x1024.jpg?strip=info&#038;w=600&#038;ssl=1 600w,https:\/\/i0.wp.com\/mangatom.com.br\/wp-content\/uploads\/2022\/07\/02-The-Mask-Omnibus-v02-2009.cbr-The-Mask-Omnibus-Volume-2-023-682x1024.jpg?strip=info&#038;w=900&#038;ssl=1 900w,https:\/\/i0.wp.com\/mangatom.com.br\/wp-content\/uploads\/2022\/07\/02-The-Mask-Omnibus-v02-2009.cbr-The-Mask-Omnibus-Volume-2-023-682x1024.jpg?strip=info&#038;w=1200&#038;ssl=1 1200w,https:\/\/i0.wp.com\/mangatom.com.br\/wp-content\/uploads\/2022\/07\/02-The-Mask-Omnibus-v02-2009.cbr-The-Mask-Omnibus-Volume-2-023-682x1024.jpg?strip=info&#038;w=1500&#038;ssl=1 1500w,https:\/\/i0.wp.com\/mangatom.com.br\/wp-content\/uploads\/2022\/07\/02-The-Mask-Omnibus-v02-2009.cbr-The-Mask-Omnibus-Volume-2-023-682x1024.jpg?strip=info&#038;w=1706&#038;ssl=1 1706w\" alt=\"\" data-height=\"2560\" data-id=\"4513\" data-link=\"https:\/\/mangatom.com.br\/?attachment_id=4513\" data-url=\"https:\/\/mangatom.com.br\/wp-content\/uploads\/2022\/07\/02-The-Mask-Omnibus-v02-2009.cbr-The-Mask-Omnibus-Volume-2-023-682x1024.jpg\" data-width=\"1706\" src=\"https:\/\/i0.wp.com\/mangatom.com.br\/wp-content\/uploads\/2022\/07\/02-The-Mask-Omnibus-v02-2009.cbr-The-Mask-Omnibus-Volume-2-023-682x1024.jpg?ssl=1\" data-amp-layout=\"responsive\" tabindex=\"0\" role=\"button\" aria-label=\"Abrir imagem 1 de 2 em tela cheia\"\/><\/figure><\/div><div class=\"tiled-gallery__col\" style=\"flex-basis:50.00000%\"><figure class=\"tiled-gallery__item\"><img decoding=\"async\" srcset=\"https:\/\/i0.wp.com\/mangatom.com.br\/wp-content\/uploads\/2022\/07\/02-The-Mask-Omnibus-v02-2009.cbr-The-Mask-Omnibus-Volume-2-047-682x1024.jpg?strip=info&#038;w=600&#038;ssl=1 600w,https:\/\/i0.wp.com\/mangatom.com.br\/wp-content\/uploads\/2022\/07\/02-The-Mask-Omnibus-v02-2009.cbr-The-Mask-Omnibus-Volume-2-047-682x1024.jpg?strip=info&#038;w=900&#038;ssl=1 900w,https:\/\/i0.wp.com\/mangatom.com.br\/wp-content\/uploads\/2022\/07\/02-The-Mask-Omnibus-v02-2009.cbr-The-Mask-Omnibus-Volume-2-047-682x1024.jpg?strip=info&#038;w=1200&#038;ssl=1 1200w,https:\/\/i0.wp.com\/mangatom.com.br\/wp-content\/uploads\/2022\/07\/02-The-Mask-Omnibus-v02-2009.cbr-The-Mask-Omnibus-Volume-2-047-682x1024.jpg?strip=info&#038;w=1500&#038;ssl=1 1500w,https:\/\/i0.wp.com\/mangatom.com.br\/wp-content\/uploads\/2022\/07\/02-The-Mask-Omnibus-v02-2009.cbr-The-Mask-Omnibus-Volume-2-047-682x1024.jpg?strip=info&#038;w=1706&#038;ssl=1 1706w\" alt=\"\" data-height=\"2560\" data-id=\"4514\" data-link=\"https:\/\/mangatom.com.br\/?attachment_id=4514\" data-url=\"https:\/\/mangatom.com.br\/wp-content\/uploads\/2022\/07\/02-The-Mask-Omnibus-v02-2009.cbr-The-Mask-Omnibus-Volume-2-047-682x1024.jpg\" data-width=\"1706\" src=\"https:\/\/i0.wp.com\/mangatom.com.br\/wp-content\/uploads\/2022\/07\/02-The-Mask-Omnibus-v02-2009.cbr-The-Mask-Omnibus-Volume-2-047-682x1024.jpg?ssl=1\" data-amp-layout=\"responsive\" tabindex=\"0\" role=\"button\" aria-label=\"Abrir imagem 2 de 2 em tela cheia\"\/><\/figure><\/div><\/div><\/div><\/div><\/div>\n\n\n\n<p>Big Head ainda \u00e9 um assassino brutal, apesar de suas a\u00e7\u00f5es dependerem de quem utiliza a m\u00e1scara. Com o diferencial de que n\u00e3o estamos mais em <strong>Edge City<\/strong> e cada nova hist\u00f3ria vai ter autores e estilo diferentes, porem sempre mantendo caracter\u00edsticas criadas no \u201coriginal\u201d, em sua maior parte.<\/p>\n\n\n\n<p>Outro ponto interessante dessa nova leva \u00e9 que Kellaway continua a aparecer, porem em papeis bem reduzidos. Kathy e Walter n\u00e3o aparecem mais, na maior parte, e todos os demais personagens s\u00e3o novos e nunca reprisam de uma hist\u00f3ria a outra. Nem mesmo as organiza\u00e7\u00f5es ancestrais que conhecem o poder do artefato, um dos pontos mais legais desse enredo.<\/p>\n\n\n\n<p>E se voc\u00ea seguir daqui para <strong>The Mask: Southern Discomfort<\/strong>, de 1996, talvez um pequeno detalhe fique confuso. Como a m\u00e1scara mudou de m\u00e3os? Da primeira parte para Green October temos uma transi\u00e7\u00e3o bem clara por meio de um Flashback, mas depois esse detalhe vai ficando cada vez mais vago.<\/p>\n\n\n\n<div class=\"wp-block-jetpack-tiled-gallery aligncenter is-style-rectangular\"><div class=\"\"><div class=\"tiled-gallery__gallery\"><div class=\"tiled-gallery__row\"><div class=\"tiled-gallery__col\" style=\"flex-basis:50.00000%\"><figure class=\"tiled-gallery__item\"><img decoding=\"async\" srcset=\"https:\/\/i0.wp.com\/mangatom.com.br\/wp-content\/uploads\/2022\/07\/The-Mask-Omnibus-Volume-2-139-682x1024.jpg?strip=info&#038;w=600&#038;ssl=1 600w,https:\/\/i0.wp.com\/mangatom.com.br\/wp-content\/uploads\/2022\/07\/The-Mask-Omnibus-Volume-2-139-682x1024.jpg?strip=info&#038;w=900&#038;ssl=1 900w,https:\/\/i0.wp.com\/mangatom.com.br\/wp-content\/uploads\/2022\/07\/The-Mask-Omnibus-Volume-2-139-682x1024.jpg?strip=info&#038;w=1200&#038;ssl=1 1200w,https:\/\/i0.wp.com\/mangatom.com.br\/wp-content\/uploads\/2022\/07\/The-Mask-Omnibus-Volume-2-139-682x1024.jpg?strip=info&#038;w=1500&#038;ssl=1 1500w,https:\/\/i0.wp.com\/mangatom.com.br\/wp-content\/uploads\/2022\/07\/The-Mask-Omnibus-Volume-2-139-682x1024.jpg?strip=info&#038;w=1706&#038;ssl=1 1706w\" alt=\"\" data-height=\"2560\" data-id=\"4500\" data-link=\"https:\/\/mangatom.com.br\/?attachment_id=4500\" data-url=\"https:\/\/mangatom.com.br\/wp-content\/uploads\/2022\/07\/The-Mask-Omnibus-Volume-2-139-682x1024.jpg\" data-width=\"1706\" src=\"https:\/\/i0.wp.com\/mangatom.com.br\/wp-content\/uploads\/2022\/07\/The-Mask-Omnibus-Volume-2-139-682x1024.jpg?ssl=1\" data-amp-layout=\"responsive\" tabindex=\"0\" role=\"button\" aria-label=\"Abrir imagem 1 de 2 em tela cheia\"\/><\/figure><\/div><div class=\"tiled-gallery__col\" style=\"flex-basis:50.00000%\"><figure class=\"tiled-gallery__item\"><img decoding=\"async\" srcset=\"https:\/\/i0.wp.com\/mangatom.com.br\/wp-content\/uploads\/2022\/07\/The-Mask-Omnibus-Volume-2-233-682x1024.jpg?strip=info&#038;w=600&#038;ssl=1 600w,https:\/\/i0.wp.com\/mangatom.com.br\/wp-content\/uploads\/2022\/07\/The-Mask-Omnibus-Volume-2-233-682x1024.jpg?strip=info&#038;w=900&#038;ssl=1 900w,https:\/\/i0.wp.com\/mangatom.com.br\/wp-content\/uploads\/2022\/07\/The-Mask-Omnibus-Volume-2-233-682x1024.jpg?strip=info&#038;w=1200&#038;ssl=1 1200w,https:\/\/i0.wp.com\/mangatom.com.br\/wp-content\/uploads\/2022\/07\/The-Mask-Omnibus-Volume-2-233-682x1024.jpg?strip=info&#038;w=1500&#038;ssl=1 1500w,https:\/\/i0.wp.com\/mangatom.com.br\/wp-content\/uploads\/2022\/07\/The-Mask-Omnibus-Volume-2-233-682x1024.jpg?strip=info&#038;w=1706&#038;ssl=1 1706w\" alt=\"\" data-height=\"2560\" data-id=\"4499\" data-link=\"https:\/\/mangatom.com.br\/?attachment_id=4499\" data-url=\"https:\/\/mangatom.com.br\/wp-content\/uploads\/2022\/07\/The-Mask-Omnibus-Volume-2-233-682x1024.jpg\" data-width=\"1706\" src=\"https:\/\/i0.wp.com\/mangatom.com.br\/wp-content\/uploads\/2022\/07\/The-Mask-Omnibus-Volume-2-233-682x1024.jpg?ssl=1\" data-amp-layout=\"responsive\" tabindex=\"0\" role=\"button\" aria-label=\"Abrir imagem 2 de 2 em tela cheia\"\/><\/figure><\/div><\/div><\/div><\/div><\/div>\n\n\n\n<p>Nesse caso a culpa \u00e9 de algo que poucos leriam. <strong>The Mask: World Tour <\/strong>da dupla<strong> Robert Loren Fleming <\/strong>e<strong> Gary Erskine<\/strong>, tamb\u00e9m de 1995. Um grande crossover pelos quadrinhos da Dark Horse, onde o M\u00e1skara viaja por dimens\u00f5es e em certo ponto at\u00e9 mesmo domina uma dessas. Um evento encapsulado em miniss\u00e9rie que \u00e9 contado como spin-off, mas que na verdade faz parte da cronologia principal, estando entre Green October e Souther Discomfort. E \u00e9 l\u00e1 que temos o detalhe de como a m\u00e1scara foi passada.<\/p>\n\n\n\n<p>Acho isso legal, pois dentro dos poderes absurdos do personagem isso acaba se tornando tremendamente plaus\u00edvel. Al\u00e9m deu achar o m\u00e1ximo essa aten\u00e7\u00e3o nos detalhes, tirando a transi\u00e7\u00e3o entre Southern e <strong>The Mask: Toys in the Attic<\/strong>, de 1998, a \u00faltima hist\u00f3ria da linha central por um bom tempo.<\/p>\n\n\n\n<p>Sabe, Green October \u00e9 bem legal, World Tour tem seus momentos, mas eu n\u00e3o consigo gostar de Southern Discomfort. A hist\u00f3ria de <strong>Rich Hedden<\/strong> e <strong>Goran Delic<\/strong> e sem d\u00favidas a mais fraca, e apesar de levar em conta a conex\u00e3o com World Tour, termina de uma forma que n\u00e3o se conecta com Toys e tamb\u00e9m deixa detalhes ao vento que nem ao menos fazem sentindo. Definitivamente a pior.<\/p>\n\n\n\n<div class=\"wp-block-jetpack-tiled-gallery aligncenter is-style-rectangular\"><div class=\"\"><div class=\"tiled-gallery__gallery\"><div class=\"tiled-gallery__row\"><div class=\"tiled-gallery__col\" style=\"flex-basis:50.00000%\"><figure class=\"tiled-gallery__item\"><img decoding=\"async\" srcset=\"https:\/\/i0.wp.com\/mangatom.com.br\/wp-content\/uploads\/2022\/07\/The-Mask-Omnibus-Volume-2-287-682x1024.jpg?strip=info&#038;w=600&#038;ssl=1 600w,https:\/\/i0.wp.com\/mangatom.com.br\/wp-content\/uploads\/2022\/07\/The-Mask-Omnibus-Volume-2-287-682x1024.jpg?strip=info&#038;w=900&#038;ssl=1 900w,https:\/\/i0.wp.com\/mangatom.com.br\/wp-content\/uploads\/2022\/07\/The-Mask-Omnibus-Volume-2-287-682x1024.jpg?strip=info&#038;w=1200&#038;ssl=1 1200w,https:\/\/i0.wp.com\/mangatom.com.br\/wp-content\/uploads\/2022\/07\/The-Mask-Omnibus-Volume-2-287-682x1024.jpg?strip=info&#038;w=1500&#038;ssl=1 1500w,https:\/\/i0.wp.com\/mangatom.com.br\/wp-content\/uploads\/2022\/07\/The-Mask-Omnibus-Volume-2-287-682x1024.jpg?strip=info&#038;w=1706&#038;ssl=1 1706w\" alt=\"\" data-height=\"2560\" data-id=\"4502\" data-link=\"https:\/\/mangatom.com.br\/?attachment_id=4502\" data-url=\"https:\/\/mangatom.com.br\/wp-content\/uploads\/2022\/07\/The-Mask-Omnibus-Volume-2-287-682x1024.jpg\" data-width=\"1706\" src=\"https:\/\/i0.wp.com\/mangatom.com.br\/wp-content\/uploads\/2022\/07\/The-Mask-Omnibus-Volume-2-287-682x1024.jpg?ssl=1\" data-amp-layout=\"responsive\" tabindex=\"0\" role=\"button\" aria-label=\"Abrir imagem 1 de 2 em tela cheia\"\/><\/figure><\/div><div class=\"tiled-gallery__col\" style=\"flex-basis:50.00000%\"><figure class=\"tiled-gallery__item\"><img decoding=\"async\" srcset=\"https:\/\/i0.wp.com\/mangatom.com.br\/wp-content\/uploads\/2022\/07\/The-Mask-Omnibus-Volume-2-279-scaled.jpg?strip=info&#038;w=600&#038;ssl=1 600w,https:\/\/i0.wp.com\/mangatom.com.br\/wp-content\/uploads\/2022\/07\/The-Mask-Omnibus-Volume-2-279-scaled.jpg?strip=info&#038;w=900&#038;ssl=1 900w,https:\/\/i0.wp.com\/mangatom.com.br\/wp-content\/uploads\/2022\/07\/The-Mask-Omnibus-Volume-2-279-scaled.jpg?strip=info&#038;w=1200&#038;ssl=1 1200w,https:\/\/i0.wp.com\/mangatom.com.br\/wp-content\/uploads\/2022\/07\/The-Mask-Omnibus-Volume-2-279-scaled.jpg?strip=info&#038;w=1500&#038;ssl=1 1500w,https:\/\/i0.wp.com\/mangatom.com.br\/wp-content\/uploads\/2022\/07\/The-Mask-Omnibus-Volume-2-279-scaled.jpg?strip=info&#038;w=1706&#038;ssl=1 1706w\" alt=\"\" data-height=\"2560\" data-id=\"4501\" data-link=\"https:\/\/mangatom.com.br\/?attachment_id=4501\" data-url=\"https:\/\/mangatom.com.br\/wp-content\/uploads\/2022\/07\/The-Mask-Omnibus-Volume-2-279-scaled.jpg\" data-width=\"1706\" src=\"https:\/\/i0.wp.com\/mangatom.com.br\/wp-content\/uploads\/2022\/07\/The-Mask-Omnibus-Volume-2-279-scaled.jpg?ssl=1\" data-amp-layout=\"responsive\" tabindex=\"0\" role=\"button\" aria-label=\"Abrir imagem 2 de 2 em tela cheia\"\/><\/figure><\/div><\/div><\/div><\/div><\/div>\n\n\n\n<p class=\"has-text-align-center\"><em>Alguns dos melhores!<\/em><\/p>\n\n\n\n<p>O que \u00e9 uma pena, pois <strong>Toys in the Attic<\/strong> talvez seja a melhor de todas dessa segunda leva. A forma como a m\u00e1scara \u00e9 encontrada \u00e9 muito bem colocada, e tirando esse detalhe de transi\u00e7\u00e3o, temos aqui uma \u00f3tima trama que envolve mist\u00e9rio e assassinato no mais puro suspense, assim colocando Big Head e a m\u00e1scara numa situa\u00e7\u00e3o in\u00e9dita e bem divertida.<\/p>\n\n\n\n<p>The Hunt for Green October, World Tour, Southern Discomfort e Toys in the Attic fazem parte do <strong>segundo omnibus<\/strong>, junto do spin-off <strong>&#8220;Night of the Return of the Living Ipkiss&#8230; <\/strong><strong>Kinda&#8221;<\/strong>, de 1996.<\/p>\n\n\n\n<p>Terminando a linha principal temos o recente <strong>The Mask: I Pledge Allegiance to the Mask<\/strong>, de 2019. Ainda sem estar em compilados, o quadrinho segue a mesma ideia de Walter: Campaing of Carnage. Afinal, porque n\u00e3o fazer um HQ ainda mais pol\u00edtico, tal qual foi Masque, onde agora o pr\u00f3prio Big Head \u00e9 um candidato?<\/p>\n\n\n\n<p>Por tr\u00e1s desse \u00e1lbum temos a dupla <strong>Christopher Cantwell<\/strong> e <strong>Patric Reynolds<\/strong>, os quais trazem o anti-her\u00f3i para a atualidade, transformando essa na hist\u00f3ria mais visceral e impactante do personagem. Anos se passam, time skip, um pol\u00edtico obt\u00e9m a m\u00e1scara e agora cabe a Kellaway e Kathy mais uma vez tentarem se livrar do objeto amaldi\u00e7oado.<\/p>\n\n\n\n<div class=\"wp-block-jetpack-tiled-gallery aligncenter is-style-rectangular\"><div class=\"\"><div class=\"tiled-gallery__gallery\"><div class=\"tiled-gallery__row\"><div class=\"tiled-gallery__col\" style=\"flex-basis:50.00000%\"><figure class=\"tiled-gallery__item\"><img decoding=\"async\" srcset=\"https:\/\/i0.wp.com\/mangatom.com.br\/wp-content\/uploads\/2022\/07\/The-Mask-I-Pledge-Allegiance-to-the-Mask-001-2019-digital-Son-of-Ultron-Empire.cbr-The-Mask-I-Pledge-Allegiance-to-the-Mask-001-007-666x1024.jpg?strip=info&#038;w=600&#038;ssl=1 600w,https:\/\/i0.wp.com\/mangatom.com.br\/wp-content\/uploads\/2022\/07\/The-Mask-I-Pledge-Allegiance-to-the-Mask-001-2019-digital-Son-of-Ultron-Empire.cbr-The-Mask-I-Pledge-Allegiance-to-the-Mask-001-007-666x1024.jpg?strip=info&#038;w=900&#038;ssl=1 900w,https:\/\/i0.wp.com\/mangatom.com.br\/wp-content\/uploads\/2022\/07\/The-Mask-I-Pledge-Allegiance-to-the-Mask-001-2019-digital-Son-of-Ultron-Empire.cbr-The-Mask-I-Pledge-Allegiance-to-the-Mask-001-007-666x1024.jpg?strip=info&#038;w=1200&#038;ssl=1 1200w,https:\/\/i0.wp.com\/mangatom.com.br\/wp-content\/uploads\/2022\/07\/The-Mask-I-Pledge-Allegiance-to-the-Mask-001-2019-digital-Son-of-Ultron-Empire.cbr-The-Mask-I-Pledge-Allegiance-to-the-Mask-001-007-666x1024.jpg?strip=info&#038;w=1500&#038;ssl=1 1500w,https:\/\/i0.wp.com\/mangatom.com.br\/wp-content\/uploads\/2022\/07\/The-Mask-I-Pledge-Allegiance-to-the-Mask-001-2019-digital-Son-of-Ultron-Empire.cbr-The-Mask-I-Pledge-Allegiance-to-the-Mask-001-007-666x1024.jpg?strip=info&#038;w=1665&#038;ssl=1 1665w\" alt=\"\" data-height=\"2560\" data-id=\"4516\" data-link=\"https:\/\/mangatom.com.br\/?attachment_id=4516\" data-url=\"https:\/\/mangatom.com.br\/wp-content\/uploads\/2022\/07\/The-Mask-I-Pledge-Allegiance-to-the-Mask-001-2019-digital-Son-of-Ultron-Empire.cbr-The-Mask-I-Pledge-Allegiance-to-the-Mask-001-007-666x1024.jpg\" data-width=\"1665\" src=\"https:\/\/i0.wp.com\/mangatom.com.br\/wp-content\/uploads\/2022\/07\/The-Mask-I-Pledge-Allegiance-to-the-Mask-001-2019-digital-Son-of-Ultron-Empire.cbr-The-Mask-I-Pledge-Allegiance-to-the-Mask-001-007-666x1024.jpg?ssl=1\" data-amp-layout=\"responsive\" tabindex=\"0\" role=\"button\" aria-label=\"Abrir imagem 1 de 2 em tela cheia\"\/><\/figure><\/div><div class=\"tiled-gallery__col\" style=\"flex-basis:50.00000%\"><figure class=\"tiled-gallery__item\"><img decoding=\"async\" srcset=\"https:\/\/i0.wp.com\/mangatom.com.br\/wp-content\/uploads\/2022\/07\/The-Mask-I-Pledge-Allegiance-to-the-Mask-001-2019-digital-Son-of-Ultron-Empire.cbr-The-Mask-I-Pledge-Allegiance-to-the-Mask-001-020-666x1024.jpg?strip=info&#038;w=600&#038;ssl=1 600w,https:\/\/i0.wp.com\/mangatom.com.br\/wp-content\/uploads\/2022\/07\/The-Mask-I-Pledge-Allegiance-to-the-Mask-001-2019-digital-Son-of-Ultron-Empire.cbr-The-Mask-I-Pledge-Allegiance-to-the-Mask-001-020-666x1024.jpg?strip=info&#038;w=900&#038;ssl=1 900w,https:\/\/i0.wp.com\/mangatom.com.br\/wp-content\/uploads\/2022\/07\/The-Mask-I-Pledge-Allegiance-to-the-Mask-001-2019-digital-Son-of-Ultron-Empire.cbr-The-Mask-I-Pledge-Allegiance-to-the-Mask-001-020-666x1024.jpg?strip=info&#038;w=1200&#038;ssl=1 1200w,https:\/\/i0.wp.com\/mangatom.com.br\/wp-content\/uploads\/2022\/07\/The-Mask-I-Pledge-Allegiance-to-the-Mask-001-2019-digital-Son-of-Ultron-Empire.cbr-The-Mask-I-Pledge-Allegiance-to-the-Mask-001-020-666x1024.jpg?strip=info&#038;w=1500&#038;ssl=1 1500w,https:\/\/i0.wp.com\/mangatom.com.br\/wp-content\/uploads\/2022\/07\/The-Mask-I-Pledge-Allegiance-to-the-Mask-001-2019-digital-Son-of-Ultron-Empire.cbr-The-Mask-I-Pledge-Allegiance-to-the-Mask-001-020-666x1024.jpg?strip=info&#038;w=1665&#038;ssl=1 1665w\" alt=\"\" data-height=\"2560\" data-id=\"4517\" data-link=\"https:\/\/mangatom.com.br\/?attachment_id=4517\" data-url=\"https:\/\/mangatom.com.br\/wp-content\/uploads\/2022\/07\/The-Mask-I-Pledge-Allegiance-to-the-Mask-001-2019-digital-Son-of-Ultron-Empire.cbr-The-Mask-I-Pledge-Allegiance-to-the-Mask-001-020-666x1024.jpg\" data-width=\"1665\" src=\"https:\/\/i0.wp.com\/mangatom.com.br\/wp-content\/uploads\/2022\/07\/The-Mask-I-Pledge-Allegiance-to-the-Mask-001-2019-digital-Son-of-Ultron-Empire.cbr-The-Mask-I-Pledge-Allegiance-to-the-Mask-001-020-666x1024.jpg?ssl=1\" data-amp-layout=\"responsive\" tabindex=\"0\" role=\"button\" aria-label=\"Abrir imagem 2 de 2 em tela cheia\"\/><\/figure><\/div><\/div><\/div><\/div><\/div>\n\n\n\n<p class=\"has-text-align-center\"><em>\u00c9 cada maluco&#8230;<\/em><\/p>\n\n\n\n<p>Ver os personagens novamente \u00e9 algo muito legal e que motiva a leitura dos antigos f\u00e3s. Mas o objetivo real \u00e9 mostrar como todos os presentes s\u00e3o uma escoria e como os estados unidos, e porque n\u00e3o o mundo, vem decaindo. Uma alega\u00e7\u00e3o extremamente clara de como a burrice vem dominando e ganhando. Uma m\u00e1xima perfeitamente colocada pela frase de efeito da campanha do Big Head. \u201cV\u00e3o todos se fuder!\u201d. Rios de aplauso e mais um genocida no topo.<\/p>\n\n\n\n<p>O quadrinho diz de forma sarc\u00e1stica como o ser humano ainda est\u00e1 atrasado e como a maioria so quer escutar aquilo que diz respeito ao pr\u00f3prio umbigo, mesmo que parcialmente. Pra que refor\u00e7ar fronteiras se voc\u00ea pode expulsar imigrantes? Tem sim l\u00e1 sua propaganda anti trump, mas \u00e9 no todo um n\u00e3o ao fascismo e demais mentalidades perigosas. Pra isso os outores colocam Big Head como o avatar de tudo que \u00e9 ruim, finalmente deferindo a m\u00e1xima de que ele \u00e9 e sempre foi um vil\u00e3o.<\/p>\n\n\n\n<p>Os demais personagens tamb\u00e9m s\u00e3o muito bem escritos, salve aqueles mais de fundo. Todos s\u00e3o humanos e tem seus defeitos bem aparentes. Se n\u00e3o est\u00e3o idolatrando o maioral verde, est\u00e3o planejando vencelo a todo custo. Sej\u00e1 para tentar destruir mais uma vez o artefato, para poder se eleger, para obter poderes ou simplesmente pelo prazer da anarquia.<\/p>\n\n\n\n<div class=\"wp-block-jetpack-tiled-gallery aligncenter is-style-rectangular\"><div class=\"\"><div class=\"tiled-gallery__gallery\"><div class=\"tiled-gallery__row\"><div class=\"tiled-gallery__col\" style=\"flex-basis:50.00000%\"><figure class=\"tiled-gallery__item\"><img decoding=\"async\" srcset=\"https:\/\/i0.wp.com\/mangatom.com.br\/wp-content\/uploads\/2022\/07\/The-Mask-I-Pledge-Allegiance-to-the-Mask-002-2019-digital-Son-of-Ultron-Empire.cbr-The-Mask-I-Pledge-Allegiance-to-the-Mask-002-006-666x1024.jpg?strip=info&#038;w=600&#038;ssl=1 600w,https:\/\/i0.wp.com\/mangatom.com.br\/wp-content\/uploads\/2022\/07\/The-Mask-I-Pledge-Allegiance-to-the-Mask-002-2019-digital-Son-of-Ultron-Empire.cbr-The-Mask-I-Pledge-Allegiance-to-the-Mask-002-006-666x1024.jpg?strip=info&#038;w=900&#038;ssl=1 900w,https:\/\/i0.wp.com\/mangatom.com.br\/wp-content\/uploads\/2022\/07\/The-Mask-I-Pledge-Allegiance-to-the-Mask-002-2019-digital-Son-of-Ultron-Empire.cbr-The-Mask-I-Pledge-Allegiance-to-the-Mask-002-006-666x1024.jpg?strip=info&#038;w=1200&#038;ssl=1 1200w,https:\/\/i0.wp.com\/mangatom.com.br\/wp-content\/uploads\/2022\/07\/The-Mask-I-Pledge-Allegiance-to-the-Mask-002-2019-digital-Son-of-Ultron-Empire.cbr-The-Mask-I-Pledge-Allegiance-to-the-Mask-002-006-666x1024.jpg?strip=info&#038;w=1500&#038;ssl=1 1500w,https:\/\/i0.wp.com\/mangatom.com.br\/wp-content\/uploads\/2022\/07\/The-Mask-I-Pledge-Allegiance-to-the-Mask-002-2019-digital-Son-of-Ultron-Empire.cbr-The-Mask-I-Pledge-Allegiance-to-the-Mask-002-006-666x1024.jpg?strip=info&#038;w=1665&#038;ssl=1 1665w\" alt=\"\" data-height=\"2560\" data-id=\"4518\" data-link=\"https:\/\/mangatom.com.br\/?attachment_id=4518\" data-url=\"https:\/\/mangatom.com.br\/wp-content\/uploads\/2022\/07\/The-Mask-I-Pledge-Allegiance-to-the-Mask-002-2019-digital-Son-of-Ultron-Empire.cbr-The-Mask-I-Pledge-Allegiance-to-the-Mask-002-006-666x1024.jpg\" data-width=\"1665\" src=\"https:\/\/i0.wp.com\/mangatom.com.br\/wp-content\/uploads\/2022\/07\/The-Mask-I-Pledge-Allegiance-to-the-Mask-002-2019-digital-Son-of-Ultron-Empire.cbr-The-Mask-I-Pledge-Allegiance-to-the-Mask-002-006-666x1024.jpg?ssl=1\" data-amp-layout=\"responsive\" tabindex=\"0\" role=\"button\" aria-label=\"Abrir imagem 1 de 2 em tela cheia\"\/><\/figure><\/div><div class=\"tiled-gallery__col\" style=\"flex-basis:50.00000%\"><figure class=\"tiled-gallery__item\"><img decoding=\"async\" srcset=\"https:\/\/i0.wp.com\/mangatom.com.br\/wp-content\/uploads\/2022\/07\/The-Mask-I-Pledge-Allegiance-to-the-Mask-002-2019-digital-Son-of-Ultron-Empire.cbr-The-Mask-I-Pledge-Allegiance-to-the-Mask-002-017-666x1024.jpg?strip=info&#038;w=600&#038;ssl=1 600w,https:\/\/i0.wp.com\/mangatom.com.br\/wp-content\/uploads\/2022\/07\/The-Mask-I-Pledge-Allegiance-to-the-Mask-002-2019-digital-Son-of-Ultron-Empire.cbr-The-Mask-I-Pledge-Allegiance-to-the-Mask-002-017-666x1024.jpg?strip=info&#038;w=900&#038;ssl=1 900w,https:\/\/i0.wp.com\/mangatom.com.br\/wp-content\/uploads\/2022\/07\/The-Mask-I-Pledge-Allegiance-to-the-Mask-002-2019-digital-Son-of-Ultron-Empire.cbr-The-Mask-I-Pledge-Allegiance-to-the-Mask-002-017-666x1024.jpg?strip=info&#038;w=1200&#038;ssl=1 1200w,https:\/\/i0.wp.com\/mangatom.com.br\/wp-content\/uploads\/2022\/07\/The-Mask-I-Pledge-Allegiance-to-the-Mask-002-2019-digital-Son-of-Ultron-Empire.cbr-The-Mask-I-Pledge-Allegiance-to-the-Mask-002-017-666x1024.jpg?strip=info&#038;w=1500&#038;ssl=1 1500w,https:\/\/i0.wp.com\/mangatom.com.br\/wp-content\/uploads\/2022\/07\/The-Mask-I-Pledge-Allegiance-to-the-Mask-002-2019-digital-Son-of-Ultron-Empire.cbr-The-Mask-I-Pledge-Allegiance-to-the-Mask-002-017-666x1024.jpg?strip=info&#038;w=1665&#038;ssl=1 1665w\" alt=\"\" data-height=\"2560\" data-id=\"4519\" data-link=\"https:\/\/mangatom.com.br\/?attachment_id=4519\" data-url=\"https:\/\/mangatom.com.br\/wp-content\/uploads\/2022\/07\/The-Mask-I-Pledge-Allegiance-to-the-Mask-002-2019-digital-Son-of-Ultron-Empire.cbr-The-Mask-I-Pledge-Allegiance-to-the-Mask-002-017-666x1024.jpg\" data-width=\"1665\" src=\"https:\/\/i0.wp.com\/mangatom.com.br\/wp-content\/uploads\/2022\/07\/The-Mask-I-Pledge-Allegiance-to-the-Mask-002-2019-digital-Son-of-Ultron-Empire.cbr-The-Mask-I-Pledge-Allegiance-to-the-Mask-002-017-666x1024.jpg?ssl=1\" data-amp-layout=\"responsive\" tabindex=\"0\" role=\"button\" aria-label=\"Abrir imagem 2 de 2 em tela cheia\"\/><\/figure><\/div><\/div><\/div><\/div><\/div>\n\n\n\n<p class=\"has-text-align-center\"><em>V\u00e3o todos se fuder! E viva a america.<\/em><\/p>\n\n\n\n<p>E ent\u00e3o as cortinas se fecham com tudo terminando da forma mais americana poss\u00edvel. Desejos, viol\u00eancia, explos\u00f5es e a est\u00e1tua da liberdade. Todos sa\u00fadem a am\u00e9rica. \u201cV\u00e3o todos se fuder!\u201d E assim acaba uma das melhores hist\u00f3rias da s\u00e9rie. Algo totalmente imperd\u00edvel e que fecha, por enquanto, com chave de ouro.<\/p>\n\n\n\n<h2 class=\"wp-block-heading\" id=\"spin\"><strong>Crossovers e Spin-offs<\/strong><\/h2>\n\n\n\n<p>Ok, e agora, por onde continuar? Ainda tem outro material relevante do M\u00e1skara? E a resposta \u00e9 sim. Como dito no texto existem crossovers, ou seja, historias com outros personagens, mundos ou artistas convidados, e temos tamb\u00e9m os spin-offs, que s\u00e3o hist\u00f3rias mais elaboradas no mesmo universo, mas que n\u00e3o se encaixam na linha central.<\/p>\n\n\n\n<p>Falando primeiramente dos Spin-Offs, o j\u00e1 mencionado Walter: Campaign of Terror sem d\u00favida a melhor trabalhada e mais relevante numa leitura geral, ao ponto de que eu colocaria como obrigat\u00f3ria ap\u00f3s ler o primeiro omnibus. Por mais que Walter tenha desaparecido das HQs. Se \u00e9 que est\u00e1 cabe de fato como spin-off, uma vez que I Pleadge Allegiance faz men\u00e7\u00e3o a Walter tentar virar prefeito.<\/p>\n\n\n\n<div class=\"wp-block-jetpack-tiled-gallery aligncenter is-style-rectangular\"><div class=\"\"><div class=\"tiled-gallery__gallery\"><div class=\"tiled-gallery__row\"><div class=\"tiled-gallery__col\" style=\"flex-basis:49.98464%\"><figure class=\"tiled-gallery__item\"><img decoding=\"async\" srcset=\"https:\/\/i0.wp.com\/mangatom.com.br\/wp-content\/uploads\/2022\/07\/Walter-Campaign-Of-Terror-02-of-04-1996-Rescan-Humperdido.cbr-Walter-Campaign-Of-Terror-02-1996-Rescan-Humperdido-014-650x1024.jpg?strip=info&#038;w=600&#038;ssl=1 600w,https:\/\/i0.wp.com\/mangatom.com.br\/wp-content\/uploads\/2022\/07\/Walter-Campaign-Of-Terror-02-of-04-1996-Rescan-Humperdido.cbr-Walter-Campaign-Of-Terror-02-1996-Rescan-Humperdido-014-650x1024.jpg?strip=info&#038;w=900&#038;ssl=1 900w,https:\/\/i0.wp.com\/mangatom.com.br\/wp-content\/uploads\/2022\/07\/Walter-Campaign-Of-Terror-02-of-04-1996-Rescan-Humperdido.cbr-Walter-Campaign-Of-Terror-02-1996-Rescan-Humperdido-014-650x1024.jpg?strip=info&#038;w=1200&#038;ssl=1 1200w,https:\/\/i0.wp.com\/mangatom.com.br\/wp-content\/uploads\/2022\/07\/Walter-Campaign-Of-Terror-02-of-04-1996-Rescan-Humperdido.cbr-Walter-Campaign-Of-Terror-02-1996-Rescan-Humperdido-014-650x1024.jpg?strip=info&#038;w=1500&#038;ssl=1 1500w,https:\/\/i0.wp.com\/mangatom.com.br\/wp-content\/uploads\/2022\/07\/Walter-Campaign-Of-Terror-02-of-04-1996-Rescan-Humperdido.cbr-Walter-Campaign-Of-Terror-02-1996-Rescan-Humperdido-014-650x1024.jpg?strip=info&#038;w=1625&#038;ssl=1 1625w\" alt=\"\" data-height=\"2560\" data-id=\"4796\" data-link=\"https:\/\/mangatom.com.br\/?attachment_id=4796\" data-url=\"https:\/\/mangatom.com.br\/wp-content\/uploads\/2022\/07\/Walter-Campaign-Of-Terror-02-of-04-1996-Rescan-Humperdido.cbr-Walter-Campaign-Of-Terror-02-1996-Rescan-Humperdido-014-650x1024.jpg\" data-width=\"1625\" src=\"https:\/\/i0.wp.com\/mangatom.com.br\/wp-content\/uploads\/2022\/07\/Walter-Campaign-Of-Terror-02-of-04-1996-Rescan-Humperdido.cbr-Walter-Campaign-Of-Terror-02-1996-Rescan-Humperdido-014-650x1024.jpg?ssl=1\" data-amp-layout=\"responsive\" tabindex=\"0\" role=\"button\" aria-label=\"Abrir imagem 1 de 2 em tela cheia\"\/><\/figure><\/div><div class=\"tiled-gallery__col\" style=\"flex-basis:50.01536%\"><figure class=\"tiled-gallery__item\"><img decoding=\"async\" srcset=\"https:\/\/i0.wp.com\/mangatom.com.br\/wp-content\/uploads\/2022\/07\/Walter-Campaign-Of-Terror-03-of-04-1996-Rescan-Humperdido.cbr-Walter-Campaign-Of-Terror-03-1996-Rescan-Humperdido-003-650x1024.jpg?strip=info&#038;w=600&#038;ssl=1 600w,https:\/\/i0.wp.com\/mangatom.com.br\/wp-content\/uploads\/2022\/07\/Walter-Campaign-Of-Terror-03-of-04-1996-Rescan-Humperdido.cbr-Walter-Campaign-Of-Terror-03-1996-Rescan-Humperdido-003-650x1024.jpg?strip=info&#038;w=900&#038;ssl=1 900w,https:\/\/i0.wp.com\/mangatom.com.br\/wp-content\/uploads\/2022\/07\/Walter-Campaign-Of-Terror-03-of-04-1996-Rescan-Humperdido.cbr-Walter-Campaign-Of-Terror-03-1996-Rescan-Humperdido-003-650x1024.jpg?strip=info&#038;w=1200&#038;ssl=1 1200w,https:\/\/i0.wp.com\/mangatom.com.br\/wp-content\/uploads\/2022\/07\/Walter-Campaign-Of-Terror-03-of-04-1996-Rescan-Humperdido.cbr-Walter-Campaign-Of-Terror-03-1996-Rescan-Humperdido-003-650x1024.jpg?strip=info&#038;w=1500&#038;ssl=1 1500w,https:\/\/i0.wp.com\/mangatom.com.br\/wp-content\/uploads\/2022\/07\/Walter-Campaign-Of-Terror-03-of-04-1996-Rescan-Humperdido.cbr-Walter-Campaign-Of-Terror-03-1996-Rescan-Humperdido-003-650x1024.jpg?strip=info&#038;w=1626&#038;ssl=1 1626w\" alt=\"\" data-height=\"2560\" data-id=\"4795\" data-link=\"https:\/\/mangatom.com.br\/?attachment_id=4795\" data-url=\"https:\/\/mangatom.com.br\/wp-content\/uploads\/2022\/07\/Walter-Campaign-Of-Terror-03-of-04-1996-Rescan-Humperdido.cbr-Walter-Campaign-Of-Terror-03-1996-Rescan-Humperdido-003-650x1024.jpg\" data-width=\"1626\" src=\"https:\/\/i0.wp.com\/mangatom.com.br\/wp-content\/uploads\/2022\/07\/Walter-Campaign-Of-Terror-03-of-04-1996-Rescan-Humperdido.cbr-Walter-Campaign-Of-Terror-03-1996-Rescan-Humperdido-003-650x1024.jpg?ssl=1\" data-amp-layout=\"responsive\" tabindex=\"0\" role=\"button\" aria-label=\"Abrir imagem 2 de 2 em tela cheia\"\/><\/figure><\/div><\/div><\/div><\/div><\/div>\n\n\n\n<p class=\"has-text-align-center\"><em>Walter n\u00e3o perdoa<\/em><\/p>\n\n\n\n<p>Ao meu ver, Campaign of Terror cabe mais como uma leitura na linha central, mesmo que o M\u00e1skara n\u00e3o se envolva. J\u00e1 no caso do one-shot &#8220;Night of the Return of the Living Ipkiss&#8230; Kinda&#8221;, ele \u00e9 100% algo \u00fanico. Um micro conto de comedia, fora de qualquer coisa, que vale ler sem saber nada apenas pelo impacto. Exeto o ponto mais importante de todos! N\u00e3o leia antes de acabar o primeiro omnibus.<\/p>\n\n\n\n<p>Entrando agora no terceiro omnibus, temos &#8220;Angry Young Mask&#8221;, uma hist\u00f3ria mais infantil com uma narrativa que lembra cl\u00e1ssicos como Calvin e Haroldo e coloca de forma interessante uma limita\u00e7\u00e3o aos poderes da m\u00e1scara. E num vi\u00e9s similar a m\u00e1scara e novamente explicada em \u201cNo Mask Is an Island&#8221;, aqui deixando claro como seus poderes afetam cada indiv\u00edduo que a coloca, sendo um dos textos mais interessantes.<\/p>\n\n\n\n<p>Essas 2 micro historias no fim s\u00e3o o que fazem o terceiro omnibus valer a pena, junto de Virtual Surreality. \u00c9 algo muito divertido e agrad\u00e1vel, mas que talvez so valha o custo para os f\u00e3s mais \u00e1rduos da franquia ou quem busque relembrar o desenho, pois Adventures of the Mask constitui 90% do conte\u00fado dessa colet\u00e2nea.<\/p>\n\n\n\n<div class=\"wp-block-jetpack-tiled-gallery aligncenter is-style-rectangular\"><div class=\"\"><div class=\"tiled-gallery__gallery\"><div class=\"tiled-gallery__row\"><div class=\"tiled-gallery__col\" style=\"flex-basis:50.61707%\"><figure class=\"tiled-gallery__item\"><img decoding=\"async\" srcset=\"https:\/\/i0.wp.com\/mangatom.com.br\/wp-content\/uploads\/2022\/07\/Adventures-of-The-Mask-Omnibus-2009.cbr-Adventures-of-the-Mask-Omnibus-380-683x1024.jpg?strip=info&#038;w=600&#038;ssl=1 600w,https:\/\/i0.wp.com\/mangatom.com.br\/wp-content\/uploads\/2022\/07\/Adventures-of-The-Mask-Omnibus-2009.cbr-Adventures-of-the-Mask-Omnibus-380-683x1024.jpg?strip=info&#038;w=900&#038;ssl=1 900w,https:\/\/i0.wp.com\/mangatom.com.br\/wp-content\/uploads\/2022\/07\/Adventures-of-The-Mask-Omnibus-2009.cbr-Adventures-of-the-Mask-Omnibus-380-683x1024.jpg?strip=info&#038;w=1200&#038;ssl=1 1200w,https:\/\/i0.wp.com\/mangatom.com.br\/wp-content\/uploads\/2022\/07\/Adventures-of-The-Mask-Omnibus-2009.cbr-Adventures-of-the-Mask-Omnibus-380-683x1024.jpg?strip=info&#038;w=1280&#038;ssl=1 1280w\" alt=\"\" data-height=\"1920\" data-id=\"4802\" data-link=\"https:\/\/mangatom.com.br\/?attachment_id=4802\" data-url=\"https:\/\/mangatom.com.br\/wp-content\/uploads\/2022\/07\/Adventures-of-The-Mask-Omnibus-2009.cbr-Adventures-of-the-Mask-Omnibus-380-683x1024.jpg\" data-width=\"1280\" src=\"https:\/\/i0.wp.com\/mangatom.com.br\/wp-content\/uploads\/2022\/07\/Adventures-of-The-Mask-Omnibus-2009.cbr-Adventures-of-the-Mask-Omnibus-380-683x1024.jpg?ssl=1\" data-amp-layout=\"responsive\" tabindex=\"0\" role=\"button\" aria-label=\"Abrir imagem 1 de 2 em tela cheia\"\/><\/figure><\/div><div class=\"tiled-gallery__col\" style=\"flex-basis:49.38293%\"><figure class=\"tiled-gallery__item\"><img decoding=\"async\" srcset=\"https:\/\/i0.wp.com\/mangatom.com.br\/wp-content\/uploads\/2022\/07\/Itty-Bitty-Comics-The-Mask-2014.cbz-011-11-1-666x1024.jpg?strip=info&#038;w=600&#038;ssl=1 600w,https:\/\/i0.wp.com\/mangatom.com.br\/wp-content\/uploads\/2022\/07\/Itty-Bitty-Comics-The-Mask-2014.cbz-011-11-1-666x1024.jpg?strip=info&#038;w=900&#038;ssl=1 900w,https:\/\/i0.wp.com\/mangatom.com.br\/wp-content\/uploads\/2022\/07\/Itty-Bitty-Comics-The-Mask-2014.cbz-011-11-1-666x1024.jpg?strip=info&#038;w=1200&#038;ssl=1 1200w,https:\/\/i0.wp.com\/mangatom.com.br\/wp-content\/uploads\/2022\/07\/Itty-Bitty-Comics-The-Mask-2014.cbz-011-11-1-666x1024.jpg?strip=info&#038;w=1500&#038;ssl=1 1500w,https:\/\/i0.wp.com\/mangatom.com.br\/wp-content\/uploads\/2022\/07\/Itty-Bitty-Comics-The-Mask-2014.cbz-011-11-1-666x1024.jpg?strip=info&#038;w=1665&#038;ssl=1 1665w\" alt=\"\" data-height=\"2560\" data-id=\"4804\" data-link=\"https:\/\/mangatom.com.br\/?attachment_id=4804\" data-url=\"https:\/\/mangatom.com.br\/wp-content\/uploads\/2022\/07\/Itty-Bitty-Comics-The-Mask-2014.cbz-011-11-1-666x1024.jpg\" data-width=\"1665\" src=\"https:\/\/i0.wp.com\/mangatom.com.br\/wp-content\/uploads\/2022\/07\/Itty-Bitty-Comics-The-Mask-2014.cbz-011-11-1-666x1024.jpg?ssl=1\" data-amp-layout=\"responsive\" tabindex=\"0\" role=\"button\" aria-label=\"Abrir imagem 2 de 2 em tela cheia\"\/><\/figure><\/div><\/div><\/div><\/div><\/div>\n\n\n\n<p class=\"has-text-align-center\"><em>Eu assistiria v\u00e1rias temporadas desse desenho matinal<\/em><\/p>\n\n\n\n<p>E falando de algo infantil e bem cartoon, temos <strong>Itty Bitty Comics The Mask<\/strong>, de 2004, o ultimo spin-off em quadrinhos. Nele n\u00e3o temos ningu\u00e9m das outras obras, apenas a m\u00e1scara, e tudo \u00e9 colocado de forma bem similar aos antigos desenhos da Cartoon Network. Apesar de ser para crian\u00e7as, gostei muito dessa vers\u00e3o do personagem e adoraria ter visto algo assim quando pequeno.<\/p>\n\n\n\n<p>Quanto ao filme <strong>Son of the Mask<\/strong>, de 2005, o qual \u00e9 colocado como sequ\u00eancia do primeiro longa, bem&#8230; \u00e9 melhor ignorar esse e aceitar como um p\u00e9ssimo spin-off. Existe uma quebra de continuidade aqui. Um personagem que morreu volta e Jim Carry recusa o papel, resultando na troca de Ipkiss por outro personagem, <strong>Tim Avery<\/strong>. Se n\u00e3o bastasse isso parte do plot e que o M\u00e1skara, a entidade, tem um filho com poderes similares. Isso deixa tudo mais infantil e bem bobo. Sendo um dos filmes mais insuport\u00e1veis que j\u00e1 vi.<\/p>\n\n\n\n<p>Os \u00fanicos pontos que se mantem de um filme a outro s\u00e3o o doutor Arthur Neuman e a ideia de a m\u00e1scara ter pertencido ao deus n\u00f3rdico <strong>Loki<\/strong>, o qual agora aparece como antagonista. E tirando isso, um ponto do desenho acabou entrando no longa. O cachorro M\u00e1skara! Sempre achei a ideia de Milo como o M\u00e1skara bem legal, apesar de n\u00e3o ser ele no filme, e sim o exato mesmo c\u00e3o agora com nome de <strong>Otis<\/strong>. Porem acho que nem isso fa\u00e7a valer a pena assistir ao filme.<\/p>\n\n\n\n<figure class=\"wp-block-gallery has-nested-images columns-default is-cropped wp-block-gallery-2 is-layout-flex wp-block-gallery-is-layout-flex\">\n<figure class=\"wp-block-image size-large\"><img data-recalc-dims=\"1\" decoding=\"async\" width=\"790\" height=\"444\" data-id=\"3960\" src=\"https:\/\/i0.wp.com\/mangatom.com.br\/wp-content\/uploads\/2022\/05\/63786dfd-759d-4b5f-9343-675f40e7e4a5-scaled.jpg?resize=790%2C444&#038;ssl=1\" alt=\"\" class=\"wp-image-3960\" srcset=\"https:\/\/i0.wp.com\/mangatom.com.br\/wp-content\/uploads\/2022\/05\/63786dfd-759d-4b5f-9343-675f40e7e4a5-scaled.jpg?w=2560&amp;ssl=1 2560w, https:\/\/i0.wp.com\/mangatom.com.br\/wp-content\/uploads\/2022\/05\/63786dfd-759d-4b5f-9343-675f40e7e4a5-scaled.jpg?resize=300%2C169&amp;ssl=1 300w, https:\/\/i0.wp.com\/mangatom.com.br\/wp-content\/uploads\/2022\/05\/63786dfd-759d-4b5f-9343-675f40e7e4a5-scaled.jpg?resize=1024%2C576&amp;ssl=1 1024w, https:\/\/i0.wp.com\/mangatom.com.br\/wp-content\/uploads\/2022\/05\/63786dfd-759d-4b5f-9343-675f40e7e4a5-scaled.jpg?resize=768%2C432&amp;ssl=1 768w, https:\/\/i0.wp.com\/mangatom.com.br\/wp-content\/uploads\/2022\/05\/63786dfd-759d-4b5f-9343-675f40e7e4a5-scaled.jpg?resize=1536%2C864&amp;ssl=1 1536w, https:\/\/i0.wp.com\/mangatom.com.br\/wp-content\/uploads\/2022\/05\/63786dfd-759d-4b5f-9343-675f40e7e4a5-scaled.jpg?resize=2048%2C1152&amp;ssl=1 2048w, https:\/\/i0.wp.com\/mangatom.com.br\/wp-content\/uploads\/2022\/05\/63786dfd-759d-4b5f-9343-675f40e7e4a5-scaled.jpg?resize=1920%2C1080&amp;ssl=1 1920w, https:\/\/i0.wp.com\/mangatom.com.br\/wp-content\/uploads\/2022\/05\/63786dfd-759d-4b5f-9343-675f40e7e4a5-scaled.jpg?w=2370&amp;ssl=1 2370w\" sizes=\"(max-width: 790px) 100vw, 790px\" \/><figcaption class=\"wp-element-caption\">Sim, eu tamb\u00e9m tenho \u00f3dio desse filme se de ver as fotos&#8230;<\/figcaption><\/figure>\n<\/figure>\n\n\n\n<p>Caindo para o lado dos crossovers, o M\u00e1skara sempre foi um personagem propicio a isso devido a sua leva de poderes absurdos. Tudo come\u00e7a l\u00e1 no World Tour. E se esse n\u00e3o est\u00e1 indo entre dimens\u00f5es, ao menos aparece desenhado por outros ilustradores ou homenageado de alguma forma, como foi o caso em Virtual Surreality.<\/p>\n\n\n\n<p>E tirando Dark Horse, o personagem apareceu bastante nos quadrinhos da DC Comics, come\u00e7ando com <strong>Grifter and the Mask<\/strong>, de 1996, por <strong>Steven Seagle<\/strong> e <strong>Luciano Lima<\/strong>. Nessa confusa hist\u00f3ria o personagem Grifter dos <strong>Wildcats<\/strong> vai a Las Vegas em busca de um item numa conven\u00e7\u00e3o de armas e no meio disso um dos turistas aparece usando a m\u00e1scara.<\/p>\n\n\n\n<p>Existe uma tentativa de mostrar uma mensagem pol\u00edtica sobre o quanto armas s\u00e3o ruins, misturado com um desd\u00e9m por Las Vegas e outros detalhes menores que \u00e9 muito malfeita, e so serve para apresentar um quadrinho totalmente pulavel. Boa tentativa, p\u00e9ssima execu\u00e7\u00e3o e alto risco de captarem errado o texto.<\/p>\n\n\n\n<p>Na sequ\u00eancia veio <strong>Lobo\/Mask<\/strong>, em 1997, trazendo de volta o time original de John e Doug, agora com <strong>Alan Grant<\/strong>, dos escritores de Lobo, ajudando no roteiro. E com um time desses, o que poderia se esperar? Nada mais do que o crossover do s\u00e9culo! Parece exagero, mas eu tenho de botar hype nisso aqui. Lobo e M\u00e1skara combinam demais e o resultado \u00e9 um HQ foda pra caralho!!!<\/p>\n\n\n\n<figure class=\"wp-block-gallery has-nested-images columns-default is-cropped wp-block-gallery-3 is-layout-flex wp-block-gallery-is-layout-flex\">\n<figure class=\"wp-block-image size-large\"><img data-recalc-dims=\"1\" decoding=\"async\" width=\"790\" height=\"607\" data-id=\"4819\" src=\"https:\/\/i0.wp.com\/mangatom.com.br\/wp-content\/uploads\/2022\/07\/Dark-Horse-Comics-DC-Comics-The-Mask-2017-GetComics.INFO_.cbr-Dark-Horse-Comics-DC-Comics-Mask-173.jpg?resize=790%2C607&#038;ssl=1\" alt=\"\" class=\"wp-image-4819\" srcset=\"https:\/\/i0.wp.com\/mangatom.com.br\/wp-content\/uploads\/2022\/07\/Dark-Horse-Comics-DC-Comics-The-Mask-2017-GetComics.INFO_.cbr-Dark-Horse-Comics-DC-Comics-Mask-173-scaled.jpg?resize=1024%2C787&amp;ssl=1 1024w, https:\/\/i0.wp.com\/mangatom.com.br\/wp-content\/uploads\/2022\/07\/Dark-Horse-Comics-DC-Comics-The-Mask-2017-GetComics.INFO_.cbr-Dark-Horse-Comics-DC-Comics-Mask-173-scaled.jpg?resize=300%2C231&amp;ssl=1 300w, https:\/\/i0.wp.com\/mangatom.com.br\/wp-content\/uploads\/2022\/07\/Dark-Horse-Comics-DC-Comics-The-Mask-2017-GetComics.INFO_.cbr-Dark-Horse-Comics-DC-Comics-Mask-173-scaled.jpg?resize=768%2C590&amp;ssl=1 768w, https:\/\/i0.wp.com\/mangatom.com.br\/wp-content\/uploads\/2022\/07\/Dark-Horse-Comics-DC-Comics-The-Mask-2017-GetComics.INFO_.cbr-Dark-Horse-Comics-DC-Comics-Mask-173-scaled.jpg?resize=1536%2C1181&amp;ssl=1 1536w, https:\/\/i0.wp.com\/mangatom.com.br\/wp-content\/uploads\/2022\/07\/Dark-Horse-Comics-DC-Comics-The-Mask-2017-GetComics.INFO_.cbr-Dark-Horse-Comics-DC-Comics-Mask-173-scaled.jpg?resize=2048%2C1574&amp;ssl=1 2048w, https:\/\/i0.wp.com\/mangatom.com.br\/wp-content\/uploads\/2022\/07\/Dark-Horse-Comics-DC-Comics-The-Mask-2017-GetComics.INFO_.cbr-Dark-Horse-Comics-DC-Comics-Mask-173-scaled.jpg?w=2370&amp;ssl=1 2370w\" sizes=\"(max-width: 790px) 100vw, 790px\" \/><figcaption class=\"wp-element-caption\">Quem vai ganhar? Fa\u00e7a suas apostas!<\/figcaption><\/figure>\n<\/figure>\n\n\n\n<p>Essa hist\u00f3ria tem 2 partes b\u00e1sicamente. N\u00e3o dois cap\u00edtulos, mas pontos bem distintos. Come\u00e7a com o que pode ser descrito como uma das mais malucas e criativas lutas que eu j\u00e1 vi, com uma segunda parte ainda mais cheia de a\u00e7\u00e3o e um plot de fritar cabe\u00e7as. Eu genuinamente ri com esse mais que qualquer outra hist\u00f3ria do M\u00e1skara.<\/p>\n\n\n\n<p>E falando em rir, o ultimo crossover DC, <strong>Joker\/Mask<\/strong>, de 2000, tamb\u00e9m \u00e9 muito bom! O trio <strong>Henry Gilroy<\/strong>, <strong>Ronnie del Carmen<\/strong> e <strong>Ramon F. Bachs<\/strong> deixaram a m\u00e1scara cair na m\u00e3o da pessoa mais insana de <strong>Gotham<\/strong>, o <strong>Coringa<\/strong>! E a insanidade do pr\u00edncipe das risadas com a loucura do cabe\u00e7\u00e3o verde so poderia gerar uma hist\u00f3ria mega divertida.<\/p>\n\n\n\n<p>Sendo esse o crossover mais famoso com o M\u00e1scara, o enredo se estende ao tamanho normal das miniss\u00e9ries do anti-her\u00f3i, e se foca exclusivamente em Coringa e <strong>Arlequiquina<\/strong>, puxando bastante para o estilo de <strong>Batman: The Animated<\/strong> series. E fazendo jus por ser uma hist\u00f3ria t\u00e3o exaltada.<\/p>\n\n\n\n<div class=\"wp-block-jetpack-tiled-gallery aligncenter is-style-rectangular\"><div class=\"\"><div class=\"tiled-gallery__gallery\"><div class=\"tiled-gallery__row\"><div class=\"tiled-gallery__col\" style=\"flex-basis:50.00000%\"><figure class=\"tiled-gallery__item\"><img decoding=\"async\" srcset=\"https:\/\/i0.wp.com\/mangatom.com.br\/wp-content\/uploads\/2022\/07\/Dark-Horse-Comics-DC-Comics-The-Mask-2017-GetComics.INFO_.cbr-Dark-Horse-Comics-DC-Comics-Mask-027-666x1024.jpg?strip=info&#038;w=600&#038;ssl=1 600w,https:\/\/i0.wp.com\/mangatom.com.br\/wp-content\/uploads\/2022\/07\/Dark-Horse-Comics-DC-Comics-The-Mask-2017-GetComics.INFO_.cbr-Dark-Horse-Comics-DC-Comics-Mask-027-666x1024.jpg?strip=info&#038;w=900&#038;ssl=1 900w,https:\/\/i0.wp.com\/mangatom.com.br\/wp-content\/uploads\/2022\/07\/Dark-Horse-Comics-DC-Comics-The-Mask-2017-GetComics.INFO_.cbr-Dark-Horse-Comics-DC-Comics-Mask-027-666x1024.jpg?strip=info&#038;w=1200&#038;ssl=1 1200w,https:\/\/i0.wp.com\/mangatom.com.br\/wp-content\/uploads\/2022\/07\/Dark-Horse-Comics-DC-Comics-The-Mask-2017-GetComics.INFO_.cbr-Dark-Horse-Comics-DC-Comics-Mask-027-666x1024.jpg?strip=info&#038;w=1500&#038;ssl=1 1500w,https:\/\/i0.wp.com\/mangatom.com.br\/wp-content\/uploads\/2022\/07\/Dark-Horse-Comics-DC-Comics-The-Mask-2017-GetComics.INFO_.cbr-Dark-Horse-Comics-DC-Comics-Mask-027-666x1024.jpg?strip=info&#038;w=1665&#038;ssl=1 1665w\" alt=\"\" data-height=\"2560\" data-id=\"4812\" data-link=\"https:\/\/mangatom.com.br\/?attachment_id=4812\" data-url=\"https:\/\/mangatom.com.br\/wp-content\/uploads\/2022\/07\/Dark-Horse-Comics-DC-Comics-The-Mask-2017-GetComics.INFO_.cbr-Dark-Horse-Comics-DC-Comics-Mask-027-666x1024.jpg\" data-width=\"1665\" src=\"https:\/\/i0.wp.com\/mangatom.com.br\/wp-content\/uploads\/2022\/07\/Dark-Horse-Comics-DC-Comics-The-Mask-2017-GetComics.INFO_.cbr-Dark-Horse-Comics-DC-Comics-Mask-027-666x1024.jpg?ssl=1\" data-amp-layout=\"responsive\" tabindex=\"0\" role=\"button\" aria-label=\"Abrir imagem 1 de 2 em tela cheia\"\/><\/figure><\/div><div class=\"tiled-gallery__col\" style=\"flex-basis:50.00000%\"><figure class=\"tiled-gallery__item\"><img decoding=\"async\" srcset=\"https:\/\/i0.wp.com\/mangatom.com.br\/wp-content\/uploads\/2022\/07\/Dark-Horse-Comics-DC-Comics-The-Mask-2017-GetComics.INFO_.cbr-Dark-Horse-Comics-DC-Comics-Mask-086-666x1024.jpg?strip=info&#038;w=600&#038;ssl=1 600w,https:\/\/i0.wp.com\/mangatom.com.br\/wp-content\/uploads\/2022\/07\/Dark-Horse-Comics-DC-Comics-The-Mask-2017-GetComics.INFO_.cbr-Dark-Horse-Comics-DC-Comics-Mask-086-666x1024.jpg?strip=info&#038;w=900&#038;ssl=1 900w,https:\/\/i0.wp.com\/mangatom.com.br\/wp-content\/uploads\/2022\/07\/Dark-Horse-Comics-DC-Comics-The-Mask-2017-GetComics.INFO_.cbr-Dark-Horse-Comics-DC-Comics-Mask-086-666x1024.jpg?strip=info&#038;w=1200&#038;ssl=1 1200w,https:\/\/i0.wp.com\/mangatom.com.br\/wp-content\/uploads\/2022\/07\/Dark-Horse-Comics-DC-Comics-The-Mask-2017-GetComics.INFO_.cbr-Dark-Horse-Comics-DC-Comics-Mask-086-666x1024.jpg?strip=info&#038;w=1500&#038;ssl=1 1500w,https:\/\/i0.wp.com\/mangatom.com.br\/wp-content\/uploads\/2022\/07\/Dark-Horse-Comics-DC-Comics-The-Mask-2017-GetComics.INFO_.cbr-Dark-Horse-Comics-DC-Comics-Mask-086-666x1024.jpg?strip=info&#038;w=1665&#038;ssl=1 1665w\" alt=\"\" data-height=\"2560\" data-id=\"4813\" data-link=\"https:\/\/mangatom.com.br\/?attachment_id=4813\" data-url=\"https:\/\/mangatom.com.br\/wp-content\/uploads\/2022\/07\/Dark-Horse-Comics-DC-Comics-The-Mask-2017-GetComics.INFO_.cbr-Dark-Horse-Comics-DC-Comics-Mask-086-666x1024.jpg\" data-width=\"1665\" src=\"https:\/\/i0.wp.com\/mangatom.com.br\/wp-content\/uploads\/2022\/07\/Dark-Horse-Comics-DC-Comics-The-Mask-2017-GetComics.INFO_.cbr-Dark-Horse-Comics-DC-Comics-Mask-086-666x1024.jpg?ssl=1\" data-amp-layout=\"responsive\" tabindex=\"0\" role=\"button\" aria-label=\"Abrir imagem 2 de 2 em tela cheia\"\/><\/figure><\/div><\/div><\/div><\/div><\/div>\n\n\n\n<p class=\"has-text-align-center\"><em>Coringa tem estilo!<\/em><\/p>\n\n\n\n<p>Os 3 crossovers da DC foram coletados em <strong>Dark Horse Comics \/ DC Comics Crossovers: The Mask<\/strong>, porem com a ordem alterada para Joker\/Mask, Grifter and the Mask e Lobo\/Mask. E tirando esses, por fim temos o \u00fanico, mais longo e ultimo crossover da Dark Horse, chamado <strong>The Mask\/Marshal Law<\/strong>, de 1998.<\/p>\n\n\n\n<p>Eu particularmente gosto da narrativa de Mask\/Marshal, mas no geral \u00e9 algo pulavel para f\u00e3s do M\u00e1skara, pois segue a timeline de Marshal Law e vai conter alguns spoilers da outra s\u00e9rie, sendo uma esp\u00e9cie de \u00faltimo capitulo n\u00e3o oficial do assassino de her\u00f3is. Com destaque a um visual que novamente baira ao caos completo.<\/p>\n\n\n\n<p>No resto, o M\u00e1skara, ou melhor dizendo, o Big Head, costuma aparecer homenageado por outros autores, como foi na capa de <strong>Ghost #7<\/strong>, de 1998, ou mais notoriamente no art book <strong>Dark Horse: Twenty Years<\/strong>, de 2006. Se n\u00e3o como parte de algum material de propaganda. Afinal \u00e9 um personagem do criador da editora Dark Horse. Sendo talvez o \u00fanico material relevante nesse vi\u00e9s suas apari\u00e7\u00f5es no <strong>San Diego Comic Comics<\/strong>, de 1992, 1994 e 1995. Um material que recomendaria so para curiosos ou os f\u00e3s mais hardcore.<\/p>\n\n\n\n<div class=\"wp-block-jetpack-tiled-gallery aligncenter is-style-rectangular\"><div class=\"\"><div class=\"tiled-gallery__gallery\"><div class=\"tiled-gallery__row\"><div class=\"tiled-gallery__col\" style=\"flex-basis:49.14891%\"><figure class=\"tiled-gallery__item\"><img decoding=\"async\" srcset=\"https:\/\/i0.wp.com\/mangatom.com.br\/wp-content\/uploads\/2022\/07\/The-Mask-Marshal-Law.cbz-13-13-648x1024.jpg?strip=info&#038;w=600&#038;ssl=1 600w,https:\/\/i0.wp.com\/mangatom.com.br\/wp-content\/uploads\/2022\/07\/The-Mask-Marshal-Law.cbz-13-13-648x1024.jpg?strip=info&#038;w=900&#038;ssl=1 900w,https:\/\/i0.wp.com\/mangatom.com.br\/wp-content\/uploads\/2022\/07\/The-Mask-Marshal-Law.cbz-13-13-648x1024.jpg?strip=info&#038;w=965&#038;ssl=1 965w\" alt=\"\" data-height=\"1525\" data-id=\"4816\" data-link=\"https:\/\/mangatom.com.br\/?attachment_id=4816\" data-url=\"https:\/\/mangatom.com.br\/wp-content\/uploads\/2022\/07\/The-Mask-Marshal-Law.cbz-13-13-648x1024.jpg\" data-width=\"965\" src=\"https:\/\/i0.wp.com\/mangatom.com.br\/wp-content\/uploads\/2022\/07\/The-Mask-Marshal-Law.cbz-13-13-648x1024.jpg?ssl=1\" data-amp-layout=\"responsive\" tabindex=\"0\" role=\"button\" aria-label=\"Abrir imagem 1 de 2 em tela cheia\"\/><\/figure><\/div><div class=\"tiled-gallery__col\" style=\"flex-basis:50.85109%\"><figure class=\"tiled-gallery__item\"><img decoding=\"async\" srcset=\"https:\/\/i0.wp.com\/mangatom.com.br\/wp-content\/uploads\/2022\/07\/San-Diego-Comic-Con-Comics-01-1992-FIXED.cbr-scan0320.jpg?strip=info&#038;w=600&#038;ssl=1 600w,https:\/\/i0.wp.com\/mangatom.com.br\/wp-content\/uploads\/2022\/07\/San-Diego-Comic-Con-Comics-01-1992-FIXED.cbr-scan0320.jpg?strip=info&#038;w=900&#038;ssl=1 900w,https:\/\/i0.wp.com\/mangatom.com.br\/wp-content\/uploads\/2022\/07\/San-Diego-Comic-Con-Comics-01-1992-FIXED.cbr-scan0320.jpg?strip=info&#038;w=1024&#038;ssl=1 1024w\" alt=\"\" data-height=\"1564\" data-id=\"4818\" data-link=\"https:\/\/mangatom.com.br\/?attachment_id=4818\" data-url=\"https:\/\/mangatom.com.br\/wp-content\/uploads\/2022\/07\/San-Diego-Comic-Con-Comics-01-1992-FIXED.cbr-scan0320.jpg\" data-width=\"1024\" src=\"https:\/\/i0.wp.com\/mangatom.com.br\/wp-content\/uploads\/2022\/07\/San-Diego-Comic-Con-Comics-01-1992-FIXED.cbr-scan0320.jpg?ssl=1\" data-amp-layout=\"responsive\" tabindex=\"0\" role=\"button\" aria-label=\"Abrir imagem 2 de 2 em tela cheia\"\/><\/figure><\/div><\/div><\/div><\/div><\/div>\n\n\n\n<p class=\"has-text-align-center\"><em>Sempre tem os &#8220;extras&#8221; para mega f\u00e3s<\/em><\/p>\n\n\n\n<h2 class=\"wp-block-heading\"><strong>Conclus\u00e3o<\/strong><\/h2>\n\n\n\n<p>M\u00e1skara acabou para mim em 2 ocasi\u00f5es. No final do primeiro omnibus em Strikes Back, e em I Pledge. Logo minha sugest\u00e3o \u00e9 ler a colet\u00e2nea inicial e ver se gosta, desconsiderando por completo sua opini\u00e3o sobre o filme e o desenho. Curtiu? Ent\u00e3o voc\u00ea vai gostar tbm de Walter e Lobo\/Mask. Sendo esse o m\u00ednimo para se ler, caso queira manter nos autores originais.<\/p>\n\n\n\n<p>Se quiser seguir acima disso, eu recomendo sim o segundo omnibus e I pleadge, mas passando desses apenas Joker\/Mask se mostra algo essencial. Itty Bitty e Adventures \u00e9 legal para os mais novos, com todo o resto entrando mais em curiosidades ou indo direto ao po\u00e7o. Portanto n\u00e3o acho que valha tentar consumir tudo.<\/p>\n\n\n\n<p>Mas se ainda assim tiver interesse, leia meus coment\u00e1rios sobre cada um e filtre bem esse conte\u00fado para n\u00e3o se arrepender depois. The Mask \u00e9 muito bom, mas chegar no extremo que eu cheguei para fazer esse texto n\u00e3o compensa.<\/p>\n\n\n\n<p><\/p>\n","protected":false},"excerpt":{"rendered":"<p>Em 2019 \u201cO M\u00e1skara\u201d momentaneamente voltou a ser o assunto do momento. Jim Carrey novamente se viu em alta, gra\u00e7as a sua participa\u00e7\u00e3o como Eggman&hellip; <\/p>\n","protected":false},"author":1,"featured_media":4754,"comment_status":"open","ping_status":"open","sticky":false,"template":"","format":"standard","meta":{"_monsterinsights_skip_tracking":false,"_monsterinsights_sitenote_active":false,"_monsterinsights_sitenote_note":"","_monsterinsights_sitenote_category":0,"_jetpack_memberships_contains_paid_content":false,"footnotes":""},"categories":[149,90],"tags":[18,2479,2509,112,2481,141,1842,2517,1309,2462,1104,2449,2450,2498,767,2478,2495,2470,67,6,2505,29,1106,801,2456,2513,1304,2463,596,2465,2461,17,2494,1940,1081,876,321,2488,2514,34,2510,2506,2519,7,2518,2492,2493,2499,2451,2457,2504,2464,2474,2508,1558,973,2503,2512,2458,2455,2460,2452,2491,2482,2453,2446,2447,2454,1667,2496,2477,2484,174,59,686,107,2516,8,2521,27,28,2489,2487,2520,2515,242,2476,2472,2501,2485,2497,2459,2502,258,33,2483,2467,2468,2469,2475,2480,2486,2448,2500,2490,2466,135,2471,2507],"class_list":["post-3944","post","type-post","status-publish","format-standard","has-post-thumbnail","hentry","category-quadrinho","category-recomendado","tag-acao","tag-adventures-of-the-mask","tag-alan-grant","tag-analise","tag-angry-young-mask","tag-animacao","tag-anti-heroi","tag-apa-5","tag-arlequina","tag-assasino","tag-batman","tag-big-head","tag-cabecao","tag-campaign-of-terror","tag-cartoon","tag-charlie-schumacher","tag-christopher-cantwell","tag-chuck-russell","tag-comedia","tag-comic","tag-coringa-2","tag-critica","tag-crossover","tag-dark-horse","tag-dark-horse-presentes","tag-dark-horse-twenty-years","tag-dc-comics","tag-delirio","tag-desenho","tag-detetive","tag-doug-mahnke","tag-drama","tag-entidade","tag-era-venenosa","tag-evan-dorkin","tag-fanzine","tag-filme","tag-gary-erskine","tag-ghost","tag-gore","tag-gothan","tag-grifter","tag-henry-gilroy","tag-hq","tag-humor-negro","tag-i-pledge-allegiance-to-the-mask","tag-imortal","tag-itty-bitty-comics-the-mask","tag-jim-carrey","tag-john-arcudi","tag-joker","tag-kellaway","tag-kilian-plunkett","tag-lobo","tag-longa","tag-loucura","tag-luciano-lima","tag-marshal-law","tag-mayhem","tag-mike-richardson","tag-milo","tag-movie","tag-night-of-the-return-of-the-living-ipkiss-kinda","tag-no-mask-is-an-island","tag-o-filho-do-maskara","tag-o-mascara","tag-o-maskara","tag-omnibus","tag-origem","tag-patric-reynolds","tag-peggy-brandt","tag-peter-gross","tag-pipoca-nanquim","tag-policial","tag-politica","tag-psicologico","tag-psicopata","tag-quadrinho","tag-ramon-f-bachs","tag-resenha","tag-review","tag-rich-hedden","tag-robert-loren-fleming","tag-ronnie-del-carmen","tag-san-diego-comic-comics","tag-satira","tag-septimus-pretorius","tag-slasher","tag-son-of-the-mask","tag-southern-discomfort","tag-spin-off","tag-stanley-ipkiss","tag-steven-seagle","tag-surreal","tag-terror","tag-the-hunt-for-green-october","tag-the-mask","tag-the-mask-returns","tag-the-mask-strikes-back","tag-the-mask-official-movie-adaptation","tag-the-mask-virtual-surreality","tag-the-mask-world-tour","tag-the-masque","tag-tim-avery","tag-toys-in-the-attic","tag-vilao","tag-violento","tag-walter","tag-wildcats"],"jetpack_featured_media_url":"https:\/\/i0.wp.com\/mangatom.com.br\/wp-content\/uploads\/2022\/07\/themask.jpg?fit=1166%2C555&ssl=1","jetpack-related-posts":[{"id":623,"url":"https:\/\/mangatom.com.br\/?p=623","url_meta":{"origin":3944,"position":0},"title":"Primeiras Impress\u00f5es: The Disciples","author":"Mangatom","date":"janeiro 4, 2021","format":false,"excerpt":"Mais um post da Black Mask, cap\u00edtulo um, voc\u00eas j\u00e1 sabem as paradas. Hoje temos o sci-fi, ou fic\u00e7\u00e3o cientifica para os leigos, The Disciples. Obra escrita por nada mais, nada menos, que Steve Niles, fundador da editora e autor do famoso 30 Dias de Noite. As ilustra\u00e7\u00f5es ficam a\u2026","rel":"","context":"Em &quot;Quadrinho&quot;","block_context":{"text":"Quadrinho","link":"https:\/\/mangatom.com.br\/?cat=149"},"img":{"alt_text":"","src":"https:\/\/i0.wp.com\/mangatom.com.br\/wp-content\/uploads\/2021\/01\/the-disciples.jpg?fit=1166%2C555&ssl=1&resize=350%2C200","width":350,"height":200,"srcset":"https:\/\/i0.wp.com\/mangatom.com.br\/wp-content\/uploads\/2021\/01\/the-disciples.jpg?fit=1166%2C555&ssl=1&resize=350%2C200 1x, https:\/\/i0.wp.com\/mangatom.com.br\/wp-content\/uploads\/2021\/01\/the-disciples.jpg?fit=1166%2C555&ssl=1&resize=525%2C300 1.5x, https:\/\/i0.wp.com\/mangatom.com.br\/wp-content\/uploads\/2021\/01\/the-disciples.jpg?fit=1166%2C555&ssl=1&resize=700%2C400 2x, https:\/\/i0.wp.com\/mangatom.com.br\/wp-content\/uploads\/2021\/01\/the-disciples.jpg?fit=1166%2C555&ssl=1&resize=1050%2C600 3x"},"classes":[]},{"id":735,"url":"https:\/\/mangatom.com.br\/?p=735","url_meta":{"origin":3944,"position":1},"title":"Primeiras Impress\u00f5es: BLACK &#8211; Superpoderes para os negros!","author":"Mangatom","date":"janeiro 8, 2021","format":false,"excerpt":"J\u00e1 imaginou um mundo onde superpoderes s\u00e3o reais, por\u00e9m tal dom \u00e9 concedido apenas aos negros? \u00c9 com essa premissa que se inicia mais uma s\u00e9rie polemica da Black Mask, agora encarando de frente o racismo. Voc\u00ea pode at\u00e9 olhar e pensar, mas onde est\u00e1 a novidade nisso? X-Men, um\u2026","rel":"","context":"Em &quot;Quadrinho&quot;","block_context":{"text":"Quadrinho","link":"https:\/\/mangatom.com.br\/?cat=149"},"img":{"alt_text":"","src":"https:\/\/i0.wp.com\/mangatom.com.br\/wp-content\/uploads\/2021\/01\/black.jpg?fit=1166%2C555&ssl=1&resize=350%2C200","width":350,"height":200,"srcset":"https:\/\/i0.wp.com\/mangatom.com.br\/wp-content\/uploads\/2021\/01\/black.jpg?fit=1166%2C555&ssl=1&resize=350%2C200 1x, https:\/\/i0.wp.com\/mangatom.com.br\/wp-content\/uploads\/2021\/01\/black.jpg?fit=1166%2C555&ssl=1&resize=525%2C300 1.5x, https:\/\/i0.wp.com\/mangatom.com.br\/wp-content\/uploads\/2021\/01\/black.jpg?fit=1166%2C555&ssl=1&resize=700%2C400 2x, https:\/\/i0.wp.com\/mangatom.com.br\/wp-content\/uploads\/2021\/01\/black.jpg?fit=1166%2C555&ssl=1&resize=1050%2C600 3x"},"classes":[]},{"id":589,"url":"https:\/\/mangatom.com.br\/?p=589","url_meta":{"origin":3944,"position":2},"title":"On the Nanquim: Toe Tag Riot","author":"Mangatom","date":"janeiro 4, 2021","format":false,"excerpt":"Primeiramente devo refor\u00e7ar que eu n\u00e3o sou f\u00e3 do estilo punk, apesar de curtir algumas m\u00fasicas. Ao mesmo tempo quero agradecer a editora Black Mask, a qual vem nos fornecendo o material para esse tipo de post. Sendo assim, caso sinta que esta parceria ou o fato deu n\u00e3o gostar\u2026","rel":"","context":"Em &quot;Quadrinho&quot;","block_context":{"text":"Quadrinho","link":"https:\/\/mangatom.com.br\/?cat=149"},"img":{"alt_text":"","src":"https:\/\/i0.wp.com\/mangatom.com.br\/wp-content\/uploads\/2021\/01\/toetagriot.png?fit=1166%2C555&ssl=1&resize=350%2C200","width":350,"height":200,"srcset":"https:\/\/i0.wp.com\/mangatom.com.br\/wp-content\/uploads\/2021\/01\/toetagriot.png?fit=1166%2C555&ssl=1&resize=350%2C200 1x, https:\/\/i0.wp.com\/mangatom.com.br\/wp-content\/uploads\/2021\/01\/toetagriot.png?fit=1166%2C555&ssl=1&resize=525%2C300 1.5x, https:\/\/i0.wp.com\/mangatom.com.br\/wp-content\/uploads\/2021\/01\/toetagriot.png?fit=1166%2C555&ssl=1&resize=700%2C400 2x, https:\/\/i0.wp.com\/mangatom.com.br\/wp-content\/uploads\/2021\/01\/toetagriot.png?fit=1166%2C555&ssl=1&resize=1050%2C600 3x"},"classes":[]},{"id":640,"url":"https:\/\/mangatom.com.br\/?p=640","url_meta":{"origin":3944,"position":3},"title":"Primeiras Impress\u00f5es: Transference","author":"Mangatom","date":"janeiro 4, 2021","format":false,"excerpt":"Tenho que admitir, esse t\u00edtulo ficou um bom tempo na minha inbox por conta do \u201cpr\u00e9 conceito\u201d. Brincadeiras \u00e0 parte eu julguei pela capa. Em um momento de fraqueza olhei para o trabalho de Michael Moreci\u00a0(Roche Limit, Burning Fields) e Ron Salas (Pr\u00edncipe Valente, Existence 2.0)\u00a0e logo assumi \u201cmais uma\u2026","rel":"","context":"Em &quot;Quadrinho&quot;","block_context":{"text":"Quadrinho","link":"https:\/\/mangatom.com.br\/?cat=149"},"img":{"alt_text":"","src":"https:\/\/i0.wp.com\/mangatom.com.br\/wp-content\/uploads\/2021\/01\/transference.jpg?fit=1166%2C555&ssl=1&resize=350%2C200","width":350,"height":200,"srcset":"https:\/\/i0.wp.com\/mangatom.com.br\/wp-content\/uploads\/2021\/01\/transference.jpg?fit=1166%2C555&ssl=1&resize=350%2C200 1x, https:\/\/i0.wp.com\/mangatom.com.br\/wp-content\/uploads\/2021\/01\/transference.jpg?fit=1166%2C555&ssl=1&resize=525%2C300 1.5x, https:\/\/i0.wp.com\/mangatom.com.br\/wp-content\/uploads\/2021\/01\/transference.jpg?fit=1166%2C555&ssl=1&resize=700%2C400 2x, https:\/\/i0.wp.com\/mangatom.com.br\/wp-content\/uploads\/2021\/01\/transference.jpg?fit=1166%2C555&ssl=1&resize=1050%2C600 3x"},"classes":[]},{"id":731,"url":"https:\/\/mangatom.com.br\/?p=731","url_meta":{"origin":3944,"position":4},"title":"Primeiras Impress\u00f5es: The Forevers","author":"Mangatom","date":"janeiro 8, 2021","format":false,"excerpt":"Um grupo de pessoas se re\u00fane a noite e ateiam fogo numa vasta plan\u00edcie, a qual ganha um serpenteado de cor purpura incandescente e fosforo branco. Sete pessoas, um come\u00e7o, um mist\u00e9rio. Ent\u00e3o avan\u00e7amos dez anos, onde acompanhamos Jamie Ashby e Daisy Cates, respectivamente os n\u00fameros 1 e 5 desse\u2026","rel":"","context":"Em &quot;Quadrinho&quot;","block_context":{"text":"Quadrinho","link":"https:\/\/mangatom.com.br\/?cat=149"},"img":{"alt_text":"","src":"https:\/\/i0.wp.com\/mangatom.com.br\/wp-content\/uploads\/2021\/01\/the-forevers.jpg?fit=1166%2C555&ssl=1&resize=350%2C200","width":350,"height":200,"srcset":"https:\/\/i0.wp.com\/mangatom.com.br\/wp-content\/uploads\/2021\/01\/the-forevers.jpg?fit=1166%2C555&ssl=1&resize=350%2C200 1x, https:\/\/i0.wp.com\/mangatom.com.br\/wp-content\/uploads\/2021\/01\/the-forevers.jpg?fit=1166%2C555&ssl=1&resize=525%2C300 1.5x, https:\/\/i0.wp.com\/mangatom.com.br\/wp-content\/uploads\/2021\/01\/the-forevers.jpg?fit=1166%2C555&ssl=1&resize=700%2C400 2x, https:\/\/i0.wp.com\/mangatom.com.br\/wp-content\/uploads\/2021\/01\/the-forevers.jpg?fit=1166%2C555&ssl=1&resize=1050%2C600 3x"},"classes":[]},{"id":865,"url":"https:\/\/mangatom.com.br\/?p=865","url_meta":{"origin":3944,"position":5},"title":"Primeiras Impress\u00f5es: The Dregs &#8211; A Sarjeta de Vancouver","author":"Mangatom","date":"janeiro 23, 2021","format":false,"excerpt":"Eu pretendia come\u00e7ar esse texto brincando com o que as pessoas poderiam entender pelo t\u00edtulo da obra, citando RuPaul's Drag Race e perguntando se algu\u00e9m conhece uma HQ que aborde drag queens de um \u00e2ngulo mais dram\u00e1tico, talvez com uma pegada meio Hourou Musuko. Porem eu n\u00e3o estava preparado para\u2026","rel":"","context":"Em &quot;Quadrinho&quot;","block_context":{"text":"Quadrinho","link":"https:\/\/mangatom.com.br\/?cat=149"},"img":{"alt_text":"","src":"https:\/\/i0.wp.com\/mangatom.com.br\/wp-content\/uploads\/2021\/01\/the-dregs.jpg?fit=1166%2C555&ssl=1&resize=350%2C200","width":350,"height":200,"srcset":"https:\/\/i0.wp.com\/mangatom.com.br\/wp-content\/uploads\/2021\/01\/the-dregs.jpg?fit=1166%2C555&ssl=1&resize=350%2C200 1x, https:\/\/i0.wp.com\/mangatom.com.br\/wp-content\/uploads\/2021\/01\/the-dregs.jpg?fit=1166%2C555&ssl=1&resize=525%2C300 1.5x, https:\/\/i0.wp.com\/mangatom.com.br\/wp-content\/uploads\/2021\/01\/the-dregs.jpg?fit=1166%2C555&ssl=1&resize=700%2C400 2x, https:\/\/i0.wp.com\/mangatom.com.br\/wp-content\/uploads\/2021\/01\/the-dregs.jpg?fit=1166%2C555&ssl=1&resize=1050%2C600 3x"},"classes":[]}],"jetpack_sharing_enabled":true,"_links":{"self":[{"href":"https:\/\/mangatom.com.br\/index.php?rest_route=\/wp\/v2\/posts\/3944","targetHints":{"allow":["GET"]}}],"collection":[{"href":"https:\/\/mangatom.com.br\/index.php?rest_route=\/wp\/v2\/posts"}],"about":[{"href":"https:\/\/mangatom.com.br\/index.php?rest_route=\/wp\/v2\/types\/post"}],"author":[{"embeddable":true,"href":"https:\/\/mangatom.com.br\/index.php?rest_route=\/wp\/v2\/users\/1"}],"replies":[{"embeddable":true,"href":"https:\/\/mangatom.com.br\/index.php?rest_route=%2Fwp%2Fv2%2Fcomments&post=3944"}],"version-history":[{"count":58,"href":"https:\/\/mangatom.com.br\/index.php?rest_route=\/wp\/v2\/posts\/3944\/revisions"}],"predecessor-version":[{"id":8105,"href":"https:\/\/mangatom.com.br\/index.php?rest_route=\/wp\/v2\/posts\/3944\/revisions\/8105"}],"wp:featuredmedia":[{"embeddable":true,"href":"https:\/\/mangatom.com.br\/index.php?rest_route=\/wp\/v2\/media\/4754"}],"wp:attachment":[{"href":"https:\/\/mangatom.com.br\/index.php?rest_route=%2Fwp%2Fv2%2Fmedia&parent=3944"}],"wp:term":[{"taxonomy":"category","embeddable":true,"href":"https:\/\/mangatom.com.br\/index.php?rest_route=%2Fwp%2Fv2%2Fcategories&post=3944"},{"taxonomy":"post_tag","embeddable":true,"href":"https:\/\/mangatom.com.br\/index.php?rest_route=%2Fwp%2Fv2%2Ftags&post=3944"}],"curies":[{"name":"wp","href":"https:\/\/api.w.org\/{rel}","templated":true}]}}