{"id":1009,"date":"2021-01-25T02:15:55","date_gmt":"2021-01-25T02:15:55","guid":{"rendered":"https:\/\/mangatom.com.br\/?p=1009"},"modified":"2024-08-17T13:46:01","modified_gmt":"2024-08-17T16:46:01","slug":"on-the-screen-neon-genesis-evangelion-do-mindfuck-ao-the-end","status":"publish","type":"post","link":"https:\/\/mangatom.com.br\/?p=1009","title":{"rendered":"On the Screen: Neon Genesis Evangelion &#8211; Do mindfuck ao The End."},"content":{"rendered":"\n<p>Anos atr\u00e1s, quando eu comecei a entrar no mundo dos animes, <strong><a href=\"https:\/\/anilist.co\/anime\/30\/Shin-Seiki-Evangelion\/\" target=\"_blank\" rel=\"noreferrer noopener\" aria-label=\"Evangelion  (abre num novo separador)\">Evangelion<\/a><\/strong><a href=\"https:\/\/anilist.co\/anime\/30\/Shin-Seiki-Evangelion\/\" target=\"_blank\" rel=\"noreferrer noopener\" aria-label=\"Evangelion  (abre num novo separador)\"> <\/a>era uma das maiores febres da internet. Desde ent\u00e3o sua relev\u00e2ncia n\u00e3o caiu nem um pouco, sendo hoje considerado um dos maiores cl\u00e1ssicos da anima\u00e7\u00e3o japonesa. <\/p>\n\n\n\n<p>E n\u00e3o \u00e9 para menos. Toda a\nest\u00e9tica do anime, enredo e personagens chamam muita aten\u00e7\u00e3o, sendo\npossivelmente uma das obras mais memor\u00e1veis. Dita por alguns at\u00e9 como uma\ndesconstru\u00e7\u00e3o dos mechas ou uma rea\u00e7\u00e3o \u201cnoventista\u201d a segunda guerra mundial e\nas bombas at\u00f4micas.<\/p>\n\n\n\n<p>Da pra se tirar muito desse\nanime, seja analisando a superf\u00edcie ou at\u00e9 mesmo pausando e lendo pequenos\ndetalhes ao fundo, reparando em sombras, ou como j\u00e1 dito tentando entender como\no contesto hist\u00f3rico influenciou na obra. Daria que at\u00e9 da para fazer paralelos\ncom religi\u00e3o e com a psique do pr\u00f3prio diretor, bastando apenas pesquisar mais\na fundo.<\/p>\n\n\n\n<p>Porem isso muitas vezes n\u00e3o \u00e9\nalgo que se nota numa primeira assistida. Como falei logo no come\u00e7o, Eva foi um\ndos primeiros animes que eu assisti, e eu queria entrar um pouco no contesto\ndessa primeira vista antes de prosseguirmos.<\/p>\n\n\n\n<p><strong>ASSISTINDO PELA PRIMEIRA VEZ<\/strong><\/p>\n\n\n<div class=\"wp-block-image\">\n<figure class=\"aligncenter\"><img data-recalc-dims=\"1\" decoding=\"async\" src=\"https:\/\/mangatom.files.wordpress.com\/2019\/03\/7.jpg?w=790\" alt=\"\" class=\"wp-image-6386\"\/><\/figure>\n<\/div>\n\n\n<p>Evangelion me foi introduzido por um amigo no <strong><a rel=\"noreferrer noopener\" aria-label=\"Yahoo Respostas (abre num novo separador)\" href=\"https:\/\/br.answers.yahoo.com\/\" target=\"_blank\">Yahoo Respostas<\/a><\/strong>, e podem rir disso. Eu era novo na internet, finalzinho da era discada, e era <em>noob<\/em> total se tratando de animes. Eu conhecia no m\u00e1ximo <strong><a rel=\"noreferrer noopener\" aria-label=\"Dragon Ball (abre num novo separador)\" href=\"https:\/\/anilist.co\/anime\/223\/Dragon-Ball\/\" target=\"_blank\">Dragon Ball<\/a><\/strong> e <strong><a rel=\"noreferrer noopener\" aria-label=\"Yu Yu Hakusho (abre num novo separador)\" href=\"https:\/\/anilist.co\/anime\/392\/YuuYuuHakusho\/\" target=\"_blank\">Yu Yu Hakusho<\/a><\/strong>, sendo as coisas mais \u201cunderground\u201d que eu consumi, <strong><a rel=\"noreferrer noopener\" aria-label=\"Samurai Champloo (abre num novo separador)\" href=\"https:\/\/anilist.co\/anime\/205\/Samurai-Champloo\/\" target=\"_blank\">Samurai Champloo<\/a><\/strong>, <strong><a rel=\"noreferrer noopener\" aria-label=\"Kimba  (abre num novo separador)\" href=\"https:\/\/anilist.co\/anime\/1572\/Jungle-Taitei\/\" target=\"_blank\">Kimba<\/a><\/strong><a rel=\"noreferrer noopener\" aria-label=\"Kimba  (abre num novo separador)\" href=\"https:\/\/anilist.co\/anime\/1572\/Jungle-Taitei\/\" target=\"_blank\"> <\/a>e aquele anime horr\u00edvel de <strong><a href=\"https:\/\/anilist.co\/anime\/417\/Ragnarok\/\" target=\"_blank\" rel=\"noreferrer noopener\" aria-label=\"Ragnarok (abre num novo separador)\">Ragnarok<\/a><\/strong>. Tudo na TV aberta.<\/p>\n\n\n\n<p>Logo eu aceitava sugest\u00f5es de\nqualquer lugar, e poxa, tem l\u00e1 um site de perguntas n\u00e9. E podem me julgar o\nquanto quiserem, mas o povo l\u00e1 realmente tentava encaminhar pro \u201ccaminho otaku\u201d\nda forma correta, ou em outros termos, n\u00e3o recomendavam apenas modinha.<\/p>\n\n\n\n<p>Conheci muita gente legal l\u00e1, que me apresentaram o <strong><a rel=\"noreferrer noopener\" aria-label=\"My Anime List (abre num novo separador)\" href=\"https:\/\/myanimelist.net\/\" target=\"_blank\">My Anime List<\/a><\/strong> e obras como <strong><a rel=\"noreferrer noopener\" aria-label=\"Trigun (abre num novo separador)\" href=\"https:\/\/anilist.co\/anime\/6\/Trigun\/\" target=\"_blank\">Trigun<\/a><\/strong>, <strong><a rel=\"noreferrer noopener\" aria-label=\"FMP  (abre num novo separador)\" href=\"https:\/\/anilist.co\/anime\/71\/Full-Metal-Panic\/\" target=\"_blank\">FMP<\/a><\/strong><a rel=\"noreferrer noopener\" aria-label=\"FMP  (abre num novo separador)\" href=\"https:\/\/anilist.co\/anime\/71\/Full-Metal-Panic\/\" target=\"_blank\"> <\/a>e <strong><a href=\"https:\/\/anilist.co\/anime\/790\/Ergo-Proxy\/\" target=\"_blank\" rel=\"noreferrer noopener\" aria-label=\"Ergo Proxy (abre num novo separador)\">Ergo Proxy<\/a><\/strong>, que hoje s\u00e3o mais <em>mainstream<\/em>, mas que na \u00e9poca era algo mais abaixo. N\u00e3o diria que se tratava de algo <em>\u201ctrue underground<\/em>\u201d com pouca <em>fanbase<\/em>, mas era certamente longe do topo.<\/p>\n\n\n\n<p>No meio dessas indica\u00e7\u00f5es me\nfalaram de Evangelion, mas da seguinte forma. \u201cJ\u00e1 que voc\u00ea gosta de a\u00e7\u00e3o, tem\num anime de rob\u00f4s muito foda, com hist\u00f3ria legal, que vai ficando confuso, mo <em>mindblow<\/em>, e que n\u00e3o tem final. Os dois\n\u00faltimos epis n\u00e3o valem. Ah, mas vc pode pular esses e ver o filme que \u00e9 final\nverdadeiro. \u201d<\/p>\n\n\n\n<p>Me pergunto quantas pessoas j\u00e1\nouviram uma descri\u00e7\u00e3o assim. Parece at\u00e9 aquele meme do Twitter de \u201cdescreva seu\nanime favorito da pior forma poss\u00edvel\u201d. Dizer que tem a\u00e7\u00e3o e algumas partes\nconfusas \u00e9 ok, mas aqui se trata mais da forma como \u00e9 dita. Pelo que ele descreveu\neu interpretei que seria um anime bom de a\u00e7\u00e3o que vai ficando cada vez mais\ndif\u00edcil de se entender e que termina de uma forma muito ruim. Para que eu iria\nver isso?<\/p>\n\n\n\n<p>Ignorei completamente a indica\u00e7\u00e3o. Vi l\u00e1 meus<a rel=\"noreferrer noopener\" aria-label=\" Samurai 7 (abre num novo separador)\" href=\"https:\/\/anilist.co\/anime\/166\/Samurai-7\/\" target=\"_blank\"> <\/a><strong><a rel=\"noreferrer noopener\" aria-label=\" Samurai 7 (abre num novo separador)\" href=\"https:\/\/anilist.co\/anime\/166\/Samurai-7\/\" target=\"_blank\">Samurai 7<\/a><\/strong> e meus <strong><a href=\"https:\/\/anilist.co\/anime\/270\/Hellsing\/\" target=\"_blank\" rel=\"noreferrer noopener\" aria-label=\"Hellsings (abre num novo separador)\">Hellsings<\/a><\/strong>. Consumi do mais falado ao quase rejeitado, ao menos se tratando do que entrava no conhecimento desses meus amigos, e no fim, na falta do que ver, resolvi pegar Evangelion. Eu j\u00e1 era menos birrento quanto a plot, digamos, e me achava o conhecedor da arte nip\u00f4nica. Logo, porque n\u00e3o?<\/p>\n\n\n<div class=\"wp-block-image\">\n<figure class=\"aligncenter\"><img data-recalc-dims=\"1\" decoding=\"async\" src=\"https:\/\/mangatom.files.wordpress.com\/2019\/03\/14.jpg?w=790\" alt=\"\" class=\"wp-image-6393\"\/><\/figure>\n<\/div>\n\n\n<p>Bem, eu n\u00e3o diria que eu era\notakinho na \u00e9poca, mas eu assistia animes por um \u00fanico proposito nesse per\u00edodo.\nLutas fodas. Eu gostava de enredos mais complexos, mas se n\u00e3o tivesse aquela\nluta fant\u00e1stica de cair o queixo quem caia mesmo era minha vontade de\ncontinuar.<\/p>\n\n\n\n<p>Vi o in\u00edcio de Evangelion e segui at\u00e9 aparecer a <strong><a rel=\"noreferrer noopener\" aria-label=\"Asuka (abre num novo separador)\" href=\"https:\/\/anilist.co\/character\/94\/Asuka-Langley-Soryu\" target=\"_blank\">Asuka<\/a><\/strong>. Eu gostei das lutas, mas todo o restante me incomodava. Me dava uma sensa\u00e7\u00e3o ruim de ver as a\u00e7\u00f5es do <strong><a href=\"https:\/\/anilist.co\/character\/89\/Shinji-Ikari\" target=\"_blank\" rel=\"noreferrer noopener\" aria-label=\"Shinji  (abre num novo separador)\">Shinji <\/a><\/strong>e eu sentia um pequeno indicio de depress\u00e3o vendo a obra. J\u00e1 o enredo, ignorei, dei o fodesse.<\/p>\n\n\n\n<p>Assisti mais um pouco, n\u00e3o me\nrecordo at\u00e9 qual momento, mas acredito ter sido at\u00e9 o epis\u00f3dio 11, pois ao\nrever o anime foi at\u00e9 esse ponto que eu tinha algum tipo de lembran\u00e7a. Mas eu\nvi tudo, n\u00e3o me entenda errado. Eu parei nesse peda\u00e7o e depois fui vendo\nespa\u00e7adamente, empurrando cada vez mais, ao ponto de que assisti algo\nextremamente picotado e cada vez sem nexo. Eu n\u00e3o conseguia mais juntar o que\naconteceu em cada epis\u00f3dio, nem mesmo se tratando dos pontos mais b\u00e1sicos.<\/p>\n\n\n\n<p>Nisso veio os 3 \u00faltimos\nepis\u00f3dios. O epis\u00f3dio 24 \u00e9 algo que eu me recordo, ao contr\u00e1rio dos outros 15\nepis\u00f3dios ap\u00f3s o 11\u00ba, mas n\u00e3o como algo bom. Eu lembrava desse como sendo algo\nmuito ruim que me incomodou bastante e me deixou mega confuso. E na sequencia\ntemos os epis\u00f3dios 25 e 26, ditos como o <em>mindfuck<\/em>\nsupremo que deve ser pulado. Imaginem minha rea\u00e7\u00e3o naquela \u00e9poca a esses 2\nepis\u00f3dios. Eu passei a odiar Evangelion, apesar de n\u00e3o o fazer abertamente.\nIsso pois eu me sentia inferior aos outros por ter entendido absolutamente nada\nda obra. Ergo Proxy era um passeio comparado a isso.<\/p>\n\n\n\n<p>Anos se passaram, e minha opini\u00e3o\nsobre Eva mudou. Eu lembrava desses epis\u00f3dios iniciais como algo muito bom e\nliteralmente apaguei da mem\u00f3ria todo o resto, exceto aquela sensa\u00e7\u00e3o de que era\nalgo confuso e ma\u00e7ante. Mas ent\u00e3o 12 anos se passaram, estamos em 2019, e minha\nmentalidade mudou muito, ent\u00e3o porque n\u00e3o assistir para valer e analisar a abra?\nFoi o que pensei. E olha, acertei em cheio.<\/p>\n\n\n\n<p><strong>REVENDO EVANGELION <\/strong><\/p>\n\n\n<div class=\"wp-block-image\">\n<figure class=\"aligncenter\"><img data-recalc-dims=\"1\" decoding=\"async\" src=\"https:\/\/mangatom.files.wordpress.com\/2019\/03\/8.jpg?w=790\" alt=\"\" class=\"wp-image-6387\"\/><\/figure>\n<\/div>\n\n\n<p>Parece piada o que vou falar\nagora, ainda mais depois de toda essa hist\u00f3ria, mas ao assistir Eva novamente\neu passei a gostar imensamente do anime, ao ponto de que agora eu afirmo com\ncerteza de que essa \u00e9 uma das melhores obras de anima\u00e7\u00e3o japonesa que eu\nassisti. E isso vindo do cara que tinha tanto \u00f3dio de Evangelion que isso virou\nmeio que um repelente de todo e qualquer anime do g\u00eanero Mecha.<\/p>\n\n\n\n<p>E vamos come\u00e7ar por isso, os mechas.\nO ponto no qual afirmam que esse anime \u00e9 uma desconstru\u00e7\u00e3o do g\u00eanero. Isso pois\nos rob\u00f4s <strong>Eva<\/strong> n\u00e3o s\u00e3o uma constru\u00e7\u00e3o\ninteiramente mec\u00e2nica, sendo em boa parte algo biol\u00f3gico, como um organismo\naliem. E eu acho isso fant\u00e1stico, pois os pr\u00f3prios rob\u00f4s existirem e serem os\n\u00fanicos capazes de destruir os ditos anjos \u00e9 algo extremamente relevante ao\nplot.<\/p>\n\n\n\n<p>Essas maquinas gigantes n\u00e3o est\u00e3o ali apenas para serem a \u201carmadura de combate\u201d dos protagonistas. N\u00e3o s\u00e3o apenas uma casca de metal sem vida para garantir sobreviv\u00eancia num meio in\u00f3spito. Esses mechas evoluem junto dos protagonistas. N\u00e3o num vi\u00e9s de super rob\u00f4 escrachado como em <strong><a href=\"https:\/\/anilist.co\/anime\/2001\/Tengen-Toppa-Gurren-Lagann\/\" target=\"_blank\" rel=\"noreferrer noopener\" aria-label=\"TTGL (abre num novo separador)\">TTGL<\/a><\/strong>, mas como se os pr\u00f3prios Evas fossem personagens com hist\u00f3rias e segredos a serem descobertos ao decorrer da trama.<\/p>\n\n\n\n<p>E o mesmo pode ser dito da\norganiza\u00e7\u00e3o <strong>NERV<\/strong>, a qual comanda as\nopera\u00e7\u00f5es realizadas pelos Evas. E eu sei que falar que uma organiza\u00e7\u00e3o evolui\n\u00e9 bem mais cr\u00edvel do que apontar esses detalhes num rob\u00f4, mas ao mesmo tempo \u00e9\nainda mais bizarro dizer que a organiza\u00e7\u00e3o \u00e9 um personagem. Afinal, n\u00e3o seria\nmelhor afirmar que s\u00e3o os personagens dentro da organiza\u00e7\u00e3o que a refletem?<\/p>\n\n\n\n<p>At\u00e9 certo ponto sim. De <strong><a href=\"https:\/\/anilist.co\/character\/1257\/Gendou-Ikari\" target=\"_blank\" rel=\"noreferrer noopener\" aria-label=\"Ikari (abre num novo separador)\">Ikari<\/a><\/strong>, o comandante da NERV, para baixo, a organiza\u00e7\u00e3o e definida por esses personagens e suas a\u00e7\u00f5es em cada uma das \u00e1reas que eles exercem, tendo conflitos diversos e sim, evolu\u00e7\u00e3o. So que existe um outro grupo de pessoas acima de Ikari, chamado de <strong>SEELE<\/strong>.<\/p>\n\n\n\n<p>Com exce\u00e7\u00e3o do inicio do anime e algumas cenas do diretor <strong><a rel=\"noreferrer noopener\" aria-label=\"Keel Lorentz (abre num novo separador)\" href=\"https:\/\/anilist.co\/character\/17620\/Keel-Lorentz\" target=\"_blank\">Keel Lorentz<\/a><\/strong>, todos os membros da SEELE s\u00e3o representados por mon\u00f3litos, e s\u00e3o eles que ditam por cima tudo que deve ocorrer na organiza\u00e7\u00e3o. N\u00e3o est\u00e3o literalmente ligados a parte de combate e pesquisa dos Evas, mas s\u00e3o eles que d\u00e3o o veredito final a diversas quest\u00f5es, inclusive no \u00e2mbito internacional e envolvendo outras centrais.<\/p>\n\n\n<div class=\"wp-block-image\">\n<figure class=\"aligncenter\"><img data-recalc-dims=\"1\" decoding=\"async\" src=\"https:\/\/mangatom.files.wordpress.com\/2019\/03\/1.jpg?w=790\" alt=\"\" class=\"wp-image-6377\"\/><figcaption class=\"wp-element-caption\"> <br><em>Nesse ponto devo admitir que n\u00e3o entendi bem se eles, SEELE, s\u00e3o realmente os superiores da NERV ou alguma organiza\u00e7\u00e3o internacional, similar a ONU. Isso so ficou claro ao ver o filme The End of Evangelion. Portanto, pe\u00e7o que leiam at\u00e9 a parte do The End desse texto. <\/em><\/figcaption><\/figure>\n<\/div>\n\n\n<p>E \u00e9 esse grupo de pessoas que eu\nconsidero definitivamente um personagem, incluindo Lorentz. Eles t\u00eam vozes e\nopini\u00f5es diferentes, mas sempre s\u00e3o vistos discutindo o mesmo assunto, de forma\nque fica dif\u00edcil de n\u00e3o os associar a uma \u00fanica entidade, mesmo que n\u00e3o seja\nalgo factual. Isso somado a representa\u00e7\u00e3o deles, faz at\u00e9 parecer ser uma \u00fanica\npessoa com m\u00faltiplas personalidades, ainda mais se levar em conta que eles\nnunca desviam muito do raciocino e sempre chegam ao mesmo resultado.<\/p>\n\n\n\n<p>Mas voltando a NERV.&nbsp; Essa organiza\u00e7\u00e3o tem uma cadeia de comando bem distinta com comandante, vice comandante, chefe de opera\u00e7\u00f5es, inspetor, e assim vai at\u00e9 chegar nos child (crian\u00e7a), representados por <strong><a href=\"https:\/\/anilist.co\/character\/86\/Rei-Ayanami\" target=\"_blank\" rel=\"noreferrer noopener\" aria-label=\"Rei  (abre num novo separador)\">Rei<\/a><\/strong><a href=\"https:\/\/anilist.co\/character\/86\/Rei-Ayanami\" target=\"_blank\" rel=\"noreferrer noopener\" aria-label=\"Rei  (abre num novo separador)\"> <\/a>(First Child), Asuka (Second Child) e Shinji (Third Child). Ou em outros termos, os pilotos dos mechas. Sendo a pr\u00f3pria nomenclatura deles mais um mist\u00e9rio da trama.<\/p>\n\n\n\n<p>E assim segue Evangelion com\ndiversos mist\u00e9rios em cima dessas quest\u00f5es de organiza\u00e7\u00e3o, Evas, Childs, Anjos,\nentre outras, que v\u00e3o cada vez se aprofundando mais ao decorrer do enredo. Mas\nsendo os principais e mais interessantes mist\u00e9rios, ao menos para nos\ntelespectadores, aqueles que envolvem a psique dos personagens.<\/p>\n\n\n\n<p>N\u00e3o temos aqui um anime com tropes claros de cada arqu\u00e9tipo de personagem. Cada um dos integrantes da NERV, e n\u00e3o incluo apenas as crian\u00e7as nisso, tem segredos ou apenas detalhes que s\u00e3o escondidos de quem assiste at\u00e9 o momento H, para assim causar um maior impacto. E \u00e9 atrav\u00e9s desses pontos, mais os conflitos subsequentes que ocorrem no presente, que vemos a fant\u00e1stica evolu\u00e7\u00e3o desses seres que n\u00e3o s\u00e3o nem her\u00f3is nem vil\u00f5es.<\/p>\n\n\n\n<p>E sei que pode parecer estranho\ntocar nisso so agora, mas vamos ao plot em si. Eva come\u00e7a com o chamado Segundo\nImpacto sendo algo bem recente. Um evento quase apocal\u00edptico que destruiu uma\n\u00e1rea consider\u00e1vel do mundo, e que na sequencia fez com que os Anjos, inimigos\nda humanidade, voltassem a aterrorizar o planeta. Agora cabe a NERV e aos\npilotos do projeto EVA acabar com essa amea\u00e7a.<\/p>\n\n\n\n<p>Por tudo que eu falei at\u00e9 ent\u00e3o esse parece ser um plot bem raso. Ele \u00e9 centrado numa ideia b\u00edblica envolvendo coisas como <strong><a rel=\"noreferrer noopener\" aria-label=\"Ad\u00e3o e Eva (abre num novo separador)\" href=\"https:\/\/pt.wikipedia.org\/wiki\/Ad%C3%A3o_e_Eva\" target=\"_blank\">Ad\u00e3o e Eva<\/a><\/strong>, <strong><a rel=\"noreferrer noopener\" aria-label=\"lan\u00e7a de Longino (abre num novo separador)\" href=\"https:\/\/pt.wikipedia.org\/wiki\/Lan%C3%A7a_do_destino\" target=\"_blank\">lan\u00e7a de Longino<\/a><\/strong> e <strong><a rel=\"noreferrer noopener\" aria-label=\"Manuscritos do Mar Morto (abre num novo separador)\" href=\"https:\/\/pt.wikipedia.org\/wiki\/Manuscritos_do_Mar_Morto\" target=\"_blank\">Manuscritos do Mar Morto<\/a><\/strong>, at\u00e9 a \u00f3bvia reinterpreta\u00e7\u00e3o do <strong><a href=\"https:\/\/pt.wikipedia.org\/wiki\/Ju%C3%ADzo_Final\" target=\"_blank\" rel=\"noreferrer noopener\" aria-label=\"Ju\u00edzo Final (abre num novo separador)\">Ju\u00edzo Final<\/a><\/strong>. Porem para aqueles que n\u00e3o est\u00e3o t\u00e3o ligados a religi\u00e3o, fica de fato algo de dif\u00edcil interpreta\u00e7\u00e3o, e para mim ao menos os acontecimentos que se deram por sequ\u00eancia s\u00e3o apenas refer\u00eancias e no mais o clich\u00ea de monstro da semana.<\/p>\n\n\n\n<p>Sei que deve ter algo mais profundo quanto a vinda de 13 anjos e a tentativa de prote\u00e7\u00e3o do mundo. Mas para mim foi exatamente o que eu falei. Monstro da Semana. N\u00e3o consigo pegar a fundo essas partes b\u00edblicas, mas ao menos posso notar a influ\u00eancia de <strong><a rel=\"noreferrer noopener\" aria-label=\"Tokusatsus (abre num novo separador)\" href=\"https:\/\/pt.wikipedia.org\/wiki\/Tokusatsu\" target=\"_blank\">Tokusatsus<\/a><\/strong>, <strong><a rel=\"noreferrer noopener\" aria-label=\"Gundam  (abre num novo separador)\" href=\"https:\/\/anilist.co\/anime\/80\/Kidou-Senshi-Gundam\/\" target=\"_blank\">Gundam<\/a><\/strong><a rel=\"noreferrer noopener\" aria-label=\"Gundam  (abre num novo separador)\" href=\"https:\/\/anilist.co\/anime\/80\/Kidou-Senshi-Gundam\/\" target=\"_blank\"> <\/a>e at\u00e9 mesmo <strong><a href=\"https:\/\/anilist.co\/anime\/930\/Densetsu-Kyojin-Ideon\/\" target=\"_blank\" rel=\"noreferrer noopener\" aria-label=\"Ideon (abre num novo separador)\">Ideon<\/a><\/strong>.<\/p>\n\n\n<div class=\"wp-block-image\">\n<figure class=\"aligncenter\"><img data-recalc-dims=\"1\" decoding=\"async\" src=\"https:\/\/mangatom.files.wordpress.com\/2019\/03\/15.jpg?w=790\" alt=\"\" class=\"wp-image-6394\"\/><figcaption class=\"wp-element-caption\"> <em>Para saber mais sobre as influ\u00eancias de Evangelion recomendo ler esse Thread e depois ir atr\u00e1s das obras. <\/em><a href=\"https:\/\/twitter.com\/Nintakun\/status\/1067398232702107650\"><em>https:\/\/twitter.com\/Nintakun\/status\/1067398232702107650<\/em><\/a> <\/figcaption><\/figure>\n<\/div>\n\n\n<p>E \u00e9 nesse mundo de monstro da semana que a gente conhece melhor cada personagem, so que de uma forma meio distorcida, digamos. Shinji \u00e9 aquele principal medroso. Algo visto em obras B como <strong><a rel=\"noreferrer noopener\" aria-label=\"Deadman Wonderland (abre num novo separador)\" href=\"https:\/\/anilist.co\/anime\/6880\/Deadman-Wonderland\/\" target=\"_blank\">Deadman Wonderland<\/a> <\/strong>e <strong><a href=\"https:\/\/anilist.co\/anime\/8460\/Mirai-Nikki\/\" target=\"_blank\" rel=\"noreferrer noopener\" aria-label=\"Mirai Nikki (abre num novo separador)\">Mirai Nikki<\/a><\/strong>. Mas n\u00e3o apenas por ser um cag\u00e3o sem poderes que vai ficar no plot quase que como observador. N\u00e3o. Ele \u00e9 o mais forte, mais capais, por\u00e9m mais indeciso e traumatizado. Tem um motivo para ele agir assim, e \u00e9 por isso que eu n\u00e3o entro no grupo seleto de pessoas que detestam o Shinji. <\/p>\n\n\n\n<p><em>Ao menos colocando aqui meu ponto de vista sobre o personagem no anime,\ne excluindo o filme por agora.<\/em><\/p>\n\n\n\n<p>Shinji para quem n\u00e3o sabe \u00e9 um\ndos protagonistas mais odiados pelos otakus, por conta dessa atitude de bunda\nmole. O cara que n\u00e3o quer fazer as coisas. So que ele est\u00e1 num contexto muito\nbem explicado, cr\u00edvel quanto ao afastamento dele e que disponibiliza meios dele\nse defender, sendo, portanto, um personagem mais incluso em seu pr\u00f3prio mundo,\ndigamos. Ao inv\u00e9s de um chor\u00e3o que sobrevive por ter amigos fortes.<\/p>\n\n\n\n<p>Fora que a mentalidade dele vai\nevoluindo de uma forma fant\u00e1stica ao decorrer da s\u00e9rie, segurando bem a tocha\nde protagonista. Tendo alguns epis\u00f3dios bem marcantes com apenas ele sozinho,\nem momentos de depress\u00e3o.<\/p>\n\n\n<div class=\"wp-block-image\">\n<figure class=\"aligncenter\"><img data-recalc-dims=\"1\" decoding=\"async\" src=\"https:\/\/mangatom.files.wordpress.com\/2019\/03\/2.jpg?w=790\" alt=\"\" class=\"wp-image-6380\"\/><figcaption class=\"wp-element-caption\"> <br><em>Uma das minhas partes favoritas do anime, sem dar spoilers, e uma que come\u00e7a com o Shinji falando \u201cIsso \u00e9 cheiro de sangue?\u201d E o resto do epis\u00f3dio segue sem se desvencilhar dessa \u00fanica frase, terminando com o shinji aproximando seu bra\u00e7o da face e falando \u201cO cheiro de sangue n\u00e3o sai\u201d.<\/em> <\/figcaption><\/figure>\n<\/div>\n\n\n<p>J\u00e1 a Asuka \u00e9 outra hist\u00f3ria.\nMuitas pessoas tamb\u00e9m detestam ela, e no decorrer do anime eu consegui muito\nbem entender o porqu\u00ea. No in\u00edcio eu achava ela apenas uma garota metida, que\nescondia seus sentimentos e que estava sempre feliz.<\/p>\n\n\n\n<p>So que Asuka evolui tanto quanto o\nShinji ao decorrer da s\u00e9rie, mostrando sua completa arrog\u00e2ncia, traumas e todo\no resto. Ela vive uma vida falsa, e se sente fr\u00e1gil o tempo tonto. Existe de\nfato um porque muito bom de ela tentar sempre ser a melhor e buscar superar o\nShinji. Mas eu n\u00e3o consegui n\u00e3o ter raiva e sentir uma certa pena dela,\nprincipalmente pr\u00f3ximo dos \u00faltimos epis\u00f3dios.<\/p>\n\n\n<div class=\"wp-block-image\">\n<figure class=\"aligncenter\"><img data-recalc-dims=\"1\" decoding=\"async\" src=\"https:\/\/mangatom.files.wordpress.com\/2019\/03\/3.jpg?w=790\" alt=\"\" class=\"wp-image-6381\"\/><figcaption class=\"wp-element-caption\"><em>Meu momento favorito da Asuka \u00e9 algo que vai na contram\u00e3o de todo o resto do anime. Tem um epis\u00f3dio que ela e o Shinji tem de treinar juntos para amplificar a sincroniza\u00e7\u00e3o com os mechas, e eles fazem isso praticando dan\u00e7a sincronizada. O epis\u00f3dio acaba com eles dois lutando em sincronia num bale orquestrado de forma brilhante.<\/em> <\/figcaption><\/figure>\n<\/div>\n\n\n<p>Ent\u00e3o temos a Rei. E eu\nsinceramente n\u00e3o tenho uma opini\u00e3o sobre ela, sendo est\u00e1 a favorita do p\u00fablico.\nTalvez por ela ser usada mais como uma ferramenta de narrativa do que como um\npersonagem em si, o que me fez enxergar ela como algo mais pr\u00f3ximo aos EVAs\ndesde o come\u00e7o do anime.<\/p>\n\n\n\n<p>Rei certamente evolui, mas o lance de ter sentimentos reprimidos faz com que essa evolu\u00e7\u00e3o seja inconstante, e eu particularmente acho que personagens secund\u00e1rios como Ikari e <strong><a rel=\"noreferrer noopener\" aria-label=\"Ritsuko  (abre num novo separador)\" href=\"https:\/\/anilist.co\/character\/1251\/Ritsuko-Akagi\" target=\"_blank\">Ritsuko<\/a><\/strong><a rel=\"noreferrer noopener\" aria-label=\"Ritsuko  (abre num novo separador)\" href=\"https:\/\/anilist.co\/character\/1251\/Ritsuko-Akagi\" target=\"_blank\"> <\/a>trazem mais a mesa quanto ao lance de sentimentos e drama, mesmo ambos tamb\u00e9m sendo bem fechados e tendo um papel mais focado em como comandam suas respectivas \u00e1reas.<\/p>\n\n\n<div class=\"wp-block-image\">\n<figure class=\"aligncenter\"><img data-recalc-dims=\"1\" decoding=\"async\" src=\"https:\/\/mangatom.files.wordpress.com\/2019\/03\/5.jpg?w=790\" alt=\"\" class=\"wp-image-6384\"\/><figcaption class=\"wp-element-caption\"> <em>O ponto de maior impacto se tratando de Rei e um pequeno momento em que ela aperta os \u00f3culos de Ikari e caem algumas lagrimas. Algo extremamente r\u00e1pido, mas com uma mensagem bem importante quanto a personagem, e que reflete bem como a sua evolu\u00e7\u00e3o \u00e9 mais fechada.<\/em> <\/figcaption><\/figure>\n<\/div>\n\n\n<p>Sei que muitos n\u00e3o consideram, mas eu acho a <strong><a href=\"https:\/\/anilist.co\/character\/1259\/Misato-Katsuragi\" target=\"_blank\" rel=\"noreferrer noopener\" aria-label=\"Misato  (abre num novo separador)\">Misato<\/a><\/strong><a href=\"https:\/\/anilist.co\/character\/1259\/Misato-Katsuragi\" target=\"_blank\" rel=\"noreferrer noopener\" aria-label=\"Misato  (abre num novo separador)\"> <\/a>uma personagem com grau de protagonismo bem maior que a Rei. A chefe de opera\u00e7\u00f5es da NERV e tutora de Shinji e Asuka passa por algumas das evolu\u00e7\u00f5es mais impactantes de todo o anime e \u00e9 a respons\u00e1vel pela maioria das intera\u00e7\u00f5es com o restante da NERV.<\/p>\n\n\n\n<p>Fora isso temos o triangulo amoroso entre ela, Ritsuko e <strong><a href=\"https:\/\/anilist.co\/character\/1260\/Ryouji-Kaji\" target=\"_blank\" rel=\"noreferrer noopener\" aria-label=\"Kaji (abre num novo separador)\">Kaji<\/a><\/strong>, com direto a interven\u00e7\u00e3o de Asuka e Shinji em alguns momentos mais inocentes. Gosto muito desses per\u00edodos mais slice of life que o anime proporciona vez ou outra. E eu adoro como que o Kaji \u00e9 quase que parte integrante da personagem da Misato.<\/p>\n\n\n<div class=\"wp-block-image\">\n<figure class=\"aligncenter\"><img data-recalc-dims=\"1\" decoding=\"async\" src=\"https:\/\/mangatom.files.wordpress.com\/2019\/03\/6.jpg?w=790\" alt=\"\" class=\"wp-image-6385\"\/><figcaption class=\"wp-element-caption\"> <em>Para mim o mais impactante em Misato n\u00e3o \u00e9 um momento, mas a constru\u00e7\u00e3o para um momento. \u00c9 ela guardar muitos segredos, ao mesmo tempo que desconhece tantos outros e busca a verdade. Isso leva a uma das cenas de maior drama da obra.<\/em> <\/figcaption><\/figure>\n<\/div>\n\n\n<p>Ou seja, todos os personagens da\ntrama s\u00e3o imperfeitos, com fortes sintomas de depress\u00e3o, traumas e meio que sem\num objetivo de vida. Nenhum deles est\u00e1 na NERV para salvar a humanidade, mas\nsim para realizar objetivos ego\u00edstas, assim nos fazendo refletir sobre a\ness\u00eancia do ser humano.<\/p>\n\n\n\n<p>N\u00e3o existe um vil\u00e3o claro. Todos\nos personagens demonstram poder ser capazes tanto do bem como do mal, mas n\u00e3o\nde forma escrachada, e sim humana. \u00c9 algo extremamente cr\u00edvel e relacion\u00e1vel. E\n\u00e9 por conta disso que Evangelion consegue ser t\u00e3o impactante.<\/p>\n\n\n\n<p>No m\u00e1ximo daria para dizer que\nIkari \u00e9 o vil\u00e3o, pois algumas de suas a\u00e7\u00f5es gerou sofrimento a boa parte dessas\npessoas. Ainda assim ele \u00e9 mais um ser frustrado, traumatizado, e que demonstra\nfortes sentimentos quando se trata de Rei, enquanto esconde muitos quanto ao\nShinji. E isso sem contar que ele aparenta ser o mais focado na quest\u00e3o de\nsalvar o mundo, n\u00e3o importando que sacrif\u00edcios ter\u00e3o de ser feitos.<\/p>\n\n\n\n<p>E em meio a todo esse drama, as lutas meio que ficam em segundo plano. Certamente \u00e9 legal ver aquelas coreografias fodas e ideias surreais para os anjos, mas \u00e9 bem mais interessante acompanhar as mudan\u00e7as causadas ao mundo, os conflitos internos e a evolu\u00e7\u00e3o no psicol\u00f3gico das pessoas. A ponto de poder se dizer que os Anjos invadindo \u00e9 meio que o plano de fundo para vermos intera\u00e7\u00f5es humanas em cen\u00e1rios hostis. Num vi\u00e9s similar o que dizem atualmente sobre os zumbis de <strong><a href=\"https:\/\/pt.wikipedia.org\/wiki\/The_Walking_Dead\" target=\"_blank\" rel=\"noreferrer noopener\" aria-label=\"The Walking Dead (abre num novo separador)\">The Walking Dead<\/a><\/strong>.<\/p>\n\n\n\n<p>E tudo isso junto, ao menos para mim, j\u00e1 \u00e9 motivo de recomenda\u00e7\u00e3o. E olha que eu n\u00e3o mencionei a trilha sonora impec\u00e1vel de <strong><a href=\"https:\/\/anilist.co\/staff\/100147\/Shiro-Sagisu\" target=\"_blank\" rel=\"noreferrer noopener\" aria-label=\"Shiro Sagisu (abre num novo separador)\">Shiro Sagisu<\/a><\/strong> (Nadia, Bleach, SSSS.GRIDMAN) que usa de m\u00fasica cl\u00e1ssica em diversos momentos, mas que surpreende mesmo ao incorporar barulhos que contribuem a tens\u00e3o ou simplesmente cortar toda a m\u00fasica deixando apenas som ambiente ou em muitas vezes o completo silencio. E sim, esse silencio impacta de forma estupenda.<\/p>\n\n\n\n<p>No tema principal temos <strong><a rel=\"noreferrer noopener\" aria-label=\"Yoko Takahashi (abre num novo separador)\" href=\"https:\/\/anilist.co\/staff\/101051\/Yoko-Takahashi\" target=\"_blank\">Yoko Takahashi<\/a> <\/strong>(Shakugan no Shana, Pumpkin Scissors, This Ugly Yet Beautiful World), cuja a m\u00fasica mais famosa \u00e9 justamente <strong><a rel=\"noreferrer noopener\" aria-label=\"A Cruel Angel's Thesis (abre num novo separador)\" href=\"https:\/\/www.youtube.com\/watch?v=t-QSmNReDyI\" target=\"_blank\">A Cruel Angel&#8217;s Thesis<\/a><\/strong>. Uma das m\u00fasicas mais marcantes de qualquer anime. E mal tenho espa\u00e7o aqui para falar da anima\u00e7\u00e3o. Eles trocam muito de animador, mas fica algo quase impercept\u00edvel. O mais chamativo na anima\u00e7\u00e3o, al\u00e9m da fluidez das lutas, certamente e o j\u00e1 mencionado uso de mensagens subliminares nos fundos, os belos cen\u00e1rios e o corte completo de cen\u00e1rios mais o uso de imagens est\u00e1ticas. Algo que parece besta, e que certamente teve de ser usado por corte de gastos, mas que claramente foi bem utilizado ao m\u00e1ximo. Gra\u00e7as tamb\u00e9m \u00e0 dire\u00e7\u00e3o impec\u00e1vel de <strong><a href=\"https:\/\/anilist.co\/staff\/100111\/Hideaki-Anno\" target=\"_blank\" rel=\"noreferrer noopener\" aria-label=\"Hideaki Anno (abre num novo separador)\">Hideaki Anno<\/a><\/strong> (Gunbuster, Nadia, Valis).<\/p>\n\n\n\n<p>Ou seja, at\u00e9 o epis\u00f3dio 24 Neon\nGenesis Evangelion \u00e9 altamente recomendado. Mas \u00e9 se levarmos em conta os dois\n\u00faltimos?<\/p>\n\n\n\n<p><strong>FINAL (EPIS\u00d3DIOS 25 E 26)<\/strong><\/p>\n\n\n<div class=\"wp-block-image\">\n<figure class=\"aligncenter\"><img data-recalc-dims=\"1\" decoding=\"async\" src=\"https:\/\/mangatom.files.wordpress.com\/2019\/03\/4.jpg?w=790\" alt=\"\" class=\"wp-image-6382\"\/><\/figure>\n<\/div>\n\n\n<p>Essa \u00e9 a parte mais polemica da\nobra, pois consiste em 2 epis\u00f3dios, quase que inteiros, com textos passando\nrapidamente, imagens piscando e dando a sensa\u00e7\u00e3o de se mesclarem, al\u00e9m de\nmuitas coisas se repetindo e outras deixadas claramente em aberto para\ninterpreta\u00e7\u00e3o do espectador.<\/p>\n\n\n\n<p>Acreditasse que o motivo disso\nter ocorrido seja a falta de verba para o show, ainda mais que aquilo que falei\nde imagens est\u00e1ticas e outros efeitos, como aquilo de se piscar imagens que\nacabei de falar, aparece mais predominante a medida que se aproxima do final da\ns\u00e9rie. Sendo os 2 \u00faltimos epis\u00f3dios constru\u00eddos com o m\u00ednimo de dinheiro\nposs\u00edvel, repetindo inclusive linhas de di\u00e1logos e frames antigos de anima\u00e7\u00e3o.<\/p>\n\n\n\n<p>Porem isso explica apenas a parte\nda anima\u00e7\u00e3o. Apesar de ter essa repeti\u00e7\u00e3o de di\u00e1logos, muito do texto desses\ndois epis\u00f3dios ainda \u00e9 original. Talvez algo escrito as presas, formulado para\nsubstituir o original pois n\u00e3o iria bater com a anima\u00e7\u00e3o.<\/p>\n\n\n\n<p>Ainda assim existem outras\nteorias mais predominantes, ao menos quanto ao enredo desses dois \u00faltimos\nepis\u00f3dios. Tem aquilo de que Anno deu realmente o foda-se pro anime e resolveu\ntacar ali o seu ponto de vista sobre a ind\u00fastria. Algo que n\u00e3o descarto, pois\ntem um seguimento inteiramente animado do jeito cl\u00e1ssico que parodia o in\u00edcio\nde um anime escolar, sendo talvez a parte mais diger\u00edvel desse <em>mindfuck<\/em>.<\/p>\n\n\n\n<p>Porem essa hip\u00f3tese eu deixaria\nexclusiva para esse seguimento, e ao mesmo tempo descartaria. Pois veja, o\nrestante desses dois epis\u00f3dios n\u00e3o encaixa na ideia de mostrar a revolta quanto\na ind\u00fastria. Pois realmente \u00e9 passado algo dentro de contexto se prestar\naten\u00e7\u00e3o mais a fundo.<\/p>\n\n\n<div class=\"wp-block-image\">\n<figure class=\"aligncenter\"><img data-recalc-dims=\"1\" decoding=\"async\" src=\"https:\/\/mangatom.files.wordpress.com\/2019\/03\/12.jpg?w=790\" alt=\"\" class=\"wp-image-6391\"\/><\/figure>\n<\/div>\n\n\n<p>A repeti\u00e7\u00e3o \u00e9 sim extrema, talvez\npara gerar a ideia de estarmos vendo um conflito interno muito grande. Tudo\nrealmente gira entorno disso. Conflitos internos dos personagens Shinji, Asuka,\nRei e Misato. S\u00e3o dois epis\u00f3dios inteiros sobre depress\u00e3o, drama, trauma, e\noutros temas levantados ao decorrer da s\u00e9rie, mas excluindo a a\u00e7\u00e3o e demais pontos\nrelevantes apenas a NERV.<\/p>\n\n\n\n<p>Nisso entra a teoria de que eu\nmais gostei, e que eu fortemente aceito, ao menos nesse momento. Que seria a de\nque o anime acabou de fato no epis\u00f3dio 24 e que tudo isso mostrado na sequ\u00eancia\ne apenas um complemento, um prologo. Algo mostrando alguns acontecimentos\nextras, mas que como j\u00e1 falei se foca demais nessa ideia da mente das pessoas,\ndesejos, objetivos, etc.<\/p>\n\n\n\n<p>Ao mesmo tempo outra boa teoria,\nque quase que complementa essa, e a de que esses trechos mais vagos e complexos\nforam montados dessa forma para que cada espectador encontrasse ali o seu\npr\u00f3prio entendimento do que ocorreu no anime.<\/p>\n\n\n\n<p>Acho isso interessante pois a\nparte de complemento ao enredo e notas do psicol\u00f3gico entra melhor no epis\u00f3dio\n25, enquanto a parte de interpreta\u00e7\u00e3o e o descontento com a ind\u00fastria, porque\nn\u00e3o, encaixa melhor no 26.<\/p>\n\n\n\n<p>So que isso tamb\u00e9m gera outro\nproblema. O do 26 ser o real <em>mindfuck<\/em>\nda porra toda. Ele \u00e9 o epis\u00f3dio onde tem mais disso de interpreta\u00e7\u00e3o de cada\nespectador e teorias para l\u00e1 e para c\u00e1. E acho que boa parte disso se deve a\nmen\u00e7\u00e3o de instrumentalidade e a question\u00e1vel cena de \u201cParab\u00e9ns Shinji!\u201d<\/p>\n\n\n<div class=\"wp-block-image\">\n<figure class=\"aligncenter\"><img data-recalc-dims=\"1\" decoding=\"async\" src=\"https:\/\/mangatom.files.wordpress.com\/2019\/03\/10.jpg?w=790\" alt=\"\" class=\"wp-image-6389\"\/><figcaption class=\"wp-element-caption\"> <em>Instrumentalidade \u00e9 uma teoria surgida da teologia. E eu mesmo entendi o conceito bem por cima, por isso deixo aqui um link para melhor entendimento. (Em ingl\u00eas) <\/em><a href=\"https:\/\/en.wikipedia.org\/wiki\/Instrumentality_(theology)\">https:\/\/en.wikipedia.org\/wiki\/Instrumentality_(theology)<\/a> <\/figcaption><\/figure>\n<\/div>\n\n\n<p>Pelo que entendi sobre\ninstrumentalidade, isso entraria no contexto da obra sobre a ideia de deus e o\nhomem terem interpreta\u00e7\u00f5es diferentes sobre o texto sagrado, assim justificando\na vis\u00e3o de Anno sobre o apocalipse e demais eventos, ou o entendimento de\npersonagens como Ikari daquilo profetizado no decorrer do anime. O que por vez\nfaria de Shinji nesse \u00faltimo epis\u00f3dio apenas um avatar do espectador, j\u00e1 que tanto\nele quanto quem assiste est\u00e1 sendo teoricamente ensinado sobre a\ninstrumentalidade.<\/p>\n\n\n\n<p>E esse ensinamento da\ninstrumentalidade \u00e9 mais uma das teorias que tentam justificar o final. E ainda\nassim \u00e9 mais uma que n\u00e3o consigo enxergar sozinha, pois como j\u00e1 falei \u00e9 algo\nquase que exclusivamente pertinente ao epis\u00f3dio 26.<\/p>\n\n\n\n<p>Quanto a cena do \u201cParab\u00e9ns\nShinji!\u201d, essa eu acredito ser a parte mais sem nexo do anime. N\u00e3o entendo se \u00e9\numa mensagem do diretor para com os espectadores, para com a ind\u00fastria ou at\u00e9\nmesmo algo mais pessoal ou religioso, visto a linha \u201cmeus filhos\u201d. Eu n\u00e3o\nconsigo deixar de pensar que \u00e9 um momento desnecess\u00e1rio e surreal.<\/p>\n\n\n\n<p>A melhor interpreta\u00e7\u00e3o que\nconsigo dar para aquilo seria uma parabenizar\u00e3o por entender sua psique, a\ninstrumentaliza\u00e7\u00e3o, e outras coisas faladas no final e ao decorrer da s\u00e9rie,\nincluindo a conclus\u00e3o da parte dos Anjos. E ainda fica o questionamento se tem\nmesmo tudo isso interligado, ou nada, ou somente um elemento que faz sentido\ndentre tantas teorias.<\/p>\n\n\n<div class=\"wp-block-image\">\n<figure class=\"aligncenter\"><img data-recalc-dims=\"1\" decoding=\"async\" src=\"https:\/\/mangatom.files.wordpress.com\/2019\/03\/13.jpg?w=790\" alt=\"\" class=\"wp-image-6392\"\/><\/figure>\n<\/div>\n\n\n<p>Talvez por isso que tantos\naceitem a teoria de que o final \u00e9 uma grande merda, e n\u00e3o to brincando aqui.\nFalo de que o anime ficou sem verba, Anno n\u00e3o teve como fazer o final que\nqueria e ent\u00e3o tacou um monte de coisa sem contexto na tela, com uma, muitas ou\ntalvez at\u00e9 nenhuma informa\u00e7\u00e3o. Mas que se foda, pois este n\u00e3o seria o\nverdadeiro final.<\/p>\n\n\n\n<p>Como falei antes, eu no momento inclino mais para a falta de verba e a parte sobre fechar buracos, mais o prologo sobre o psicol\u00f3gico de cada personagem. Isso no epis\u00f3dio 25 e 26. J\u00e1 pensando no 26 e naquilo que apenas ele traz a mesa, ai eu realmente n\u00e3o sei o que pensar. A parte da instrumentalidade, se eu tiver entendido, e interessante, mas desnecess\u00e1ria. E acho que esse \u00e9 quase que o sentimento unanime quanto ao final do anime. Acho o 25 \u00e9 pass\u00e1vel, mas quando s\u00e3o 2 epis\u00f3dios assim acho que at\u00e9 o mais ass\u00edduo dos f\u00e3s se questiona se n\u00e3o era melhor ter tido so um \u201cmindfuck\u201d ou ter acabado no 24.<\/p>\n\n\n\n<p>Sei que existe ainda a quest\u00e3o\ncontratual, e uma vez contratados para fazer 26 epis\u00f3dios n\u00e3o seria vi\u00e1vel,\nmesmo sem verba, parar antes do 26. Mas ainda assim eu gostaria que o anime n\u00e3o\ntivesse ido t\u00e3o longe nessas loucuras todas, e olha que eu genuinamente gostei\ndos 2 \u00faltimos epis\u00f3dios nessa segunda assistida.<\/p>\n\n\n\n<p>Logo, apesar de todos os porem,\neu acredito que valha sim assistir Neon Genesis Evangelion at\u00e9 o 26, sem pular\ndo 24 para o filme. Principalmente por esse anime ter sido um marco hist\u00f3rico\nda anima\u00e7\u00e3o japonesa e que vale ser assistido tanto para entender o que presam\nnele como para ver aquilo que consideram t\u00e3o pol\u00eamico.<\/p>\n\n\n\n<p>Quanto aquela teoria do final falso. Ela dita que o final verdadeiro seria o filme <strong><a href=\"https:\/\/anilist.co\/anime\/32\/Shin-Seiki-Evangelion-Movie-THE-END-OF-EVANGELION\/\" target=\"_blank\" rel=\"noreferrer noopener\" aria-label=\"The End of Evangelion (abre num novo separador)\">The End of Evangelion<\/a><\/strong>, enquanto tem uma \u00faltima teoria que diz que os epis\u00f3dios 25 e 26 se passam na mente do Shinji, e que o filme seria os acontecimentos em tempo real. E vamos tirar a limpo se \u00e9 isso ou n\u00e3o agora, assistindo The End of Evangelion.<\/p>\n\n\n\n<p id=\"end-eva\"><strong>THE END OF EVANGELION<\/strong><\/p>\n\n\n<div class=\"wp-block-image\">\n<figure class=\"aligncenter\"><img data-recalc-dims=\"1\" decoding=\"async\" src=\"https:\/\/mangatom.files.wordpress.com\/2019\/03\/11.jpg?w=790\" alt=\"\" class=\"wp-image-6390\"\/><\/figure>\n<\/div>\n\n\n<p>E caso eu n\u00e3o tenha deixado claro\nno par\u00e1grafo anterior, eu estou escrevendo essa parte do texto ap\u00f3s ver The End\nof Evangelion. Ou em outros termos, eu escrevi um monte sem realmente assistir\nao final verdadeiro da s\u00e9rie.<\/p>\n\n\n\n<p>Sim, esse \u00e9 o final, e aquilo de\nfinal falso para o epis\u00f3dio 25 e 26 ainda n\u00e3o faz o menor sentido. E sabe o que\ntamb\u00e9m n\u00e3o tem nexo? O final da s\u00e9rie ser os pensamentos de Shinji e o filme\nser as a\u00e7\u00f5es do rapaz.<\/p>\n\n\n\n<p>Colocando um pouco mais em\ncontexto. Em boa parte de The End o Shinji fica est\u00e1tico. Parado mesmo, e temos\ncenas similares com Asuka, mais algumas outras um tanto quanto surreais com\nRei, e isso sem entrar em spoilers. Falando primeiramente de pontos que\npoderiam ter os tais pensamentos, os quais por vez seriam os epis\u00f3dios finais\ndo anime.<\/p>\n\n\n\n<p>So que o primeiro\ncontra-argumento a\u00ed seria exatamente esse da Asuka e da Rei. Ambas claramente\nt\u00eam seus arcos de pensamento nos epis\u00f3dios 25 e 26, n\u00e3o apenas o Shinji. E a\nMisato tamb\u00e9m tem um arco de reflex\u00e3o, e no END ela n\u00e3o para um segundo para\ndar tempo de alguma reflex\u00e3o mais complexa. Um trejeito bem natural da\npersonagem.<\/p>\n\n\n\n<p>Quanto aquilo de ser o final\nverdadeiro. Eu diria que ambos s\u00e3o o verdadeiro, so que THE END e o final\nmelhor elaborado e com algumas mudan\u00e7as. Da para notar isso em parte dos\ndi\u00e1logos e por conta de cenas praticamente iguais, so que agora colocadas num\nmelhor contexto, sendo elas aquelas que fechavam pontas no enredo ou que\ntrabalham o j\u00e1 mencionado psicol\u00f3gico do Shinji. O que talvez tenha causado\nessa confus\u00e3o quanto a ser um sonho ou pensamento do protagonista.<\/p>\n\n\n\n<p>Isso por vez dita que os\nepis\u00f3dios finais da s\u00e9rie t\u00eam revela\u00e7\u00f5es relevantes quanto ao filme, e que,\nportanto, n\u00e3o seria de todo mal pular os epis\u00f3dios 25 e 26 para evitar o\nspoiler ou simplesmente \u201cfugir\u201d do <em>mindfuck<\/em>.\nAinda assim, eu que vos escrevo, permane\u00e7o com a ideia de que se deve assistir\no final da s\u00e9rie por se tratar de algo que marcou a hist\u00f3ria dos animes, e para\nnotar o quanto conseguiram fazer com t\u00e3o pouco. Sem contar que \u00e9 divertido ver\ne bolar teorias e os tais spoilers n\u00e3o atrapalham nem um pouco.<\/p>\n\n\n<div class=\"wp-block-image\">\n<figure class=\"aligncenter\"><img data-recalc-dims=\"1\" decoding=\"async\" src=\"https:\/\/mangatom.files.wordpress.com\/2019\/03\/16-1.jpg?w=790\" alt=\"\" class=\"wp-image-6397\"\/><\/figure>\n<\/div>\n\n\n<p>Outro ponto a favor disso de ver\nos finais E o filme, mesmo o filme sendo literalmente duas partes intituladas\nepis\u00f3dio 25 e epis\u00f3dio 26, e que o longa tamb\u00e9m \u00e9 bem confuso. Parece que\nHideki Anno planejava sim desde o come\u00e7o explodir cabe\u00e7as, e boa parte das\npessoas, independente do que assistir, ainda vai ficar bem confusa.<\/p>\n\n\n\n<p>So que o filme tamb\u00e9m tem os seus\npros. Enquanto o final da s\u00e9rie mostra um incr\u00edvel malabarismo de or\u00e7amento e\napresenta pontos diversos a serem pensados, alguns que nem ao menos s\u00e3o\nmencionados no filme, a pel\u00edcula completa o enredo com um visual deslumbrante,\nmais digest\u00edvel, e com muito mais informa\u00e7\u00f5es pertinentes.<\/p>\n\n\n\n<p>\u00c9 apenas em The End of Evangelion\nque vemos e entendemos o final de cada um dos personagens, excluindo\ncompletamente o \u201cParab\u00e9ns Shinji!\u201d que agora mais do que nunca acredito ter\nsido uma mensagem pessoal disfar\u00e7ada. Por\u00e9m o filme tamb\u00e9m remove a conversa\nsobre instrumentalismo e a cena em que Anno d\u00e1 um esporro na ind\u00fastria. Dois\npontos desnecess\u00e1rios, principalmente no vi\u00e9s de entretenimento, mas que se\nmostraram no m\u00ednimo interessantes.<\/p>\n\n\n\n<p>Voltando ao filme, ele completa o\narco de todos os personagens, deixando mais clara a rela\u00e7\u00e3o que cada um tem com\no pr\u00f3ximo, sendo as maiores evolu\u00e7\u00f5es referentes a Shinji, Asuka, Rei, Misato e\nIkari.<\/p>\n\n\n\n<p>Esse \u00faltimo chega a ser algo\nsurpreendente. Pois sabemos de seus sentimentos para com Rei, mas nunca foi de\nfato mostrado o porque ele fez tudo aquilo, e o filme entrega numa cena\nperfeita tudo que Ikari foi ao decorrer do anime, o tornando um humano ainda\nmais falho, e o removendo daquela vis\u00e3o de que ele era o grande vil\u00e3o.<\/p>\n\n\n\n<p>Na verdade, quem se volta mais\npara o papel do vil\u00e3o \u00e9 a organiza\u00e7\u00e3o SEELE, que erroneamente eu achei ser\nparte da NERV. A rela\u00e7\u00e3o das duas fica bem mais clara no filme, apesar de que\naquele papo de serem personagens ainda se encaixa perfeitamente. Sendo que o\nenredo do filme gira exatamente entre o conflito interno de ambas. E devo\nressaltar, feito de forma brilhante, ao mostrar que o humano sempre \u00e9 seu\npr\u00f3prio inimigo, seja por atos b\u00e9licos, seja por trai\u00e7\u00e3o, seja por conta de sua\npr\u00f3pria mente.<\/p>\n\n\n<div class=\"wp-block-image\">\n<figure class=\"aligncenter\"><img data-recalc-dims=\"1\" decoding=\"async\" src=\"https:\/\/mangatom.files.wordpress.com\/2019\/03\/17.jpg?w=790\" alt=\"\"\/><\/figure>\n<\/div>\n\n\n<p>Tamb\u00e9m entendemos melhor por conta do filme o ocorrido no epis\u00f3dio 24, e as implica\u00e7\u00f5es do passageiro personagem <strong><a href=\"https:\/\/anilist.co\/character\/1261\/Kaworu-Nagisa\" target=\"_blank\" rel=\"noreferrer noopener\" aria-label=\"Kaworu (abre num novo separador)\">Kaworu<\/a>,<\/strong> e temos como b\u00f4nus um novo prologo. Tudo isso junto resultando num filme fenomenal, com a\u00e7\u00e3o, mindfuck, depress\u00e3o, e todo resto que fez da s\u00e9rie t\u00e3o popular. <\/p>\n\n\n\n<p>E quanto aos principais&#8230; SHINJI\nE UM DOS MAIORES FILHOS DA PUTA DOS ANIMES! S\u00e9rio, eu tinha de tirar isso do\npeito. Voltei a gostar um tanto mais da Asuka, e a Rei finalmente parece ser\nmais relevante do que uma boneca de porcelana que abre a boca vez ou outra. Mas\ndentre todas as mudan\u00e7as apresentadas no filme, a maior obviamente foi a do\nprotagonista. Eu achava o Shinji um personagem ok no anime e agora penso seriamente\nque ele deveria ter morrido uma morte horr\u00edvel.<\/p>\n\n\n\n<p>Isso que falei acima \u00e9\nextremamente pessoal, e eu n\u00e3o garanto que voc\u00ea vai ter a mesma rea\u00e7\u00e3o. Eu\napenas n\u00e3o gostei do personagem no filme, e acho que boa parte disso \u00e9 por ele\nter tido meio que uma reca\u00edda quanto a sua evolu\u00e7\u00e3o. Sei que \u00e9 algo que faz\nsentido mediante o que acontece no epis\u00f3dio 24 e que encaixa perfeitamente no\nplot, mas EU n\u00e3o consigo gostar. Ele vira mais um instrumento de movimenta\u00e7\u00e3o\ndo enredo, mais do que a pr\u00f3pria Rei, e j\u00e1 sabem minha opini\u00e3o quanto a isso.<\/p>\n\n\n\n<p>Tem outros detalhes mais cruciais\na trama que eu n\u00e3o gostei, mas n\u00e3o vale ressaltar por revelar muito sobre o\nplot. O que vale dizer aqui \u00e9 que o filme \u00e9 bom. Entret\u00e9m e faz voc\u00ea pensar,\nseguindo \u00e0 risca a qualidade da s\u00e9rie e demonstrando com primor todas as ideias\ndepressivas e existencialistas de Anno. E, portanto, eu tamb\u00e9m recomendo o\nfilme, ou melhor, o considero crucial.<\/p>\n\n\n\n<p>No fim eu acabo enxergando Neon Genesis Evangelion com outros olhos. Uma vis\u00e3o mais madura e um tanto quanto focada na an\u00e1lise. Aquele tipo de olhar que busca um algo a mais, e que nesse caso a serie realmente entrega. Eu acho esse um anime quase que perfeito, centrando meu porem quase que exclusivamente nos \u00faltimos epis\u00f3dios e no filme, tirando algumas quest\u00f5es menores, como o que aconteceu com os amigos do Shinji. Logo recomendo Evangelion na integra a todos, como um grande f\u00e3 de animes. Mas ressalto que voc\u00ea deve esperar um plot depressivo, confuso e surrealista, com cenas de gore e rela\u00e7\u00f5es abusivas. No restante, vejam.<\/p>\n\n\n\n<p><strong>Por fim, so para esclarecer uma pequena polemica quanto ao in\u00edcio do\nfilme vou dar aqui um pequeno spoiler. O review j\u00e1 acabou nesse ponto e voc\u00ea\nn\u00e3o precisa ler.<\/strong><\/p>\n\n\n<div class=\"wp-block-image\">\n<figure class=\"aligncenter\"><img data-recalc-dims=\"1\" decoding=\"async\" src=\"https:\/\/mangatom.files.wordpress.com\/2019\/03\/9.jpg?w=790\" alt=\"\" class=\"wp-image-6388\"\/><\/figure>\n<\/div>\n\n\n<p>The End come\u00e7a com o Shinji\ntentando acordar uma Asuka em coma, e em certo momento ele vira o corpo inerte\nda garota com raiva, assim deixando a mostra os seios e a calcinha da garota. O\nfilme corta, em certo momento mostra a porta trancada, e quando volta Shinji\nest\u00e1 com as m\u00e3os sujas de goza.<\/p>\n\n\n\n<p>Algumas pessoas interpretaram a\ncena como um estupro, mas n\u00e3o acho que seja esse o caso, pois o corpo de Asuka\nn\u00e3o foi movido. Shinji deve ter se masturbado com aquela vis\u00e3o, e logo ap\u00f3s\nsolta um \u201ci\u2019m so fucked up.\u201d<\/p>\n\n\n\n<p>N\u00e3o estou aqui justificando a\na\u00e7\u00e3o. Essa cena \u00e9 um dos motivos pelo qual eu n\u00e3o gosto do personagem. Todo o\ntratamento que ele d\u00e1 para a Asuka no decorrer do filme \u00e9 de abuso, claramente.\nE sei que existe o lance da atra\u00e7\u00e3o de um pelo outro, e que tamb\u00e9m existe a\nraiva predominante em ambos. S\u00e3o cenas que fazem sentido no plot, e termino a\u00ed.\n<\/p>\n\n\n\n<p>Se voc\u00ea se sente incomodado (a) por esse tipo de situa\u00e7\u00e3o, evite o filme. Eu particularmente n\u00e3o achei pesado, e acredito que a mensagem proposta pela cena seja exatamente a da frase \u201ci\u2019m so fucked up.\u201d Mostrando mais uma vez o lado sujo da humanidade e o quanto esse protagonista e o tremendo de um merda.<\/p>\n\n\n\n<figure class=\"wp-block-pullquote\"><blockquote><p>Texto publicado originalmente em 05\/03\/2019<\/p><\/blockquote><\/figure>\n","protected":false},"excerpt":{"rendered":"<p>Anos atr\u00e1s, quando eu comecei a entrar no mundo dos animes, Evangelion era uma das maiores febres da internet. Desde ent\u00e3o sua relev\u00e2ncia n\u00e3o caiu&hellip; <\/p>\n","protected":false},"author":1,"featured_media":4706,"comment_status":"open","ping_status":"open","sticky":false,"template":"","format":"standard","meta":{"_monsterinsights_skip_tracking":false,"_monsterinsights_sitenote_active":false,"_monsterinsights_sitenote_note":"","_monsterinsights_sitenote_category":0,"_jetpack_memberships_contains_paid_content":false,"footnotes":""},"categories":[136],"tags":[1233,18,141,140,231,1163,982,39,1218,1225,1222,170,521,17,1002,1207,1208,1213,1228,404,1229,606,321,981,1211,1212,34,1232,1230,1226,5,1210,1209,1231,750,1224,1214,1217,1216,1215,1236,1219,267,1221,35,89,1220,1223,258,1227,1235,20,19,1234],"class_list":["post-1009","post","type-post","status-publish","format-standard","has-post-thumbnail","hentry","category-anime","tag-a-cruel-angels-thesis","tag-acao","tag-animacao","tag-anime","tag-anjos","tag-anxiedade","tag-apocalipse","tag-apocaliptico","tag-asuka","tag-biblico","tag-biomecha","tag-classico","tag-depresao","tag-drama","tag-epico","tag-eva","tag-evangelion","tag-falta-de-verba","tag-fantastico","tag-favorito","tag-fenomenal","tag-ficcao-cientifica","tag-filme","tag-fim-do-mundo","tag-final-controverso","tag-final-ruim","tag-gore","tag-hideaki-anno","tag-ikari","tag-juizo-final","tag-manga","tag-mecha","tag-mindfuck","tag-misato","tag-neon-genesis-evangelion","tag-nerv","tag-parabains","tag-pesado","tag-protagonista-covarde","tag-protagonista-ruim","tag-rebuild","tag-rei","tag-religiao","tag-revendo","tag-sci-fi","tag-sci-fy","tag-shinji","tag-super-robot","tag-surreal","tag-teoria","tag-the-end-of-evangelion","tag-tragedia","tag-triste","tag-yoko-takahashi"],"jetpack_featured_media_url":"https:\/\/i0.wp.com\/mangatom.com.br\/wp-content\/uploads\/2021\/01\/neon-genesis-evangelion.jpg?fit=1166%2C555&ssl=1","jetpack-related-posts":[{"id":5117,"url":"https:\/\/mangatom.com.br\/?p=5117","url_meta":{"origin":1009,"position":0},"title":"Corso &#8211; Uma aventura com ar de cl\u00e1ssico","author":"Mangatom","date":"janeiro 3, 2023","format":false,"excerpt":"Dizer que eu li um HQ brasileiro por simplesmente compararem a Star Fox \u00e9 estranho? Pois bem, eu fiz isso com Corso, de Danilo Beyruth (Bando de Dois, Astronauta). E entendo muito bem de onde tiraram isso, pois se trata de um sci-fi com animais antropom\u00f3rficos, ou furry se preferir,\u2026","rel":"","context":"Em &quot;BR&quot;","block_context":{"text":"BR","link":"https:\/\/mangatom.com.br\/?cat=80"},"img":{"alt_text":"","src":"https:\/\/i0.wp.com\/mangatom.com.br\/wp-content\/uploads\/2023\/01\/corso-Danilo-Beyruth-hq-comix-zone-2.jpg?fit=1200%2C859&ssl=1&resize=350%2C200","width":350,"height":200,"srcset":"https:\/\/i0.wp.com\/mangatom.com.br\/wp-content\/uploads\/2023\/01\/corso-Danilo-Beyruth-hq-comix-zone-2.jpg?fit=1200%2C859&ssl=1&resize=350%2C200 1x, https:\/\/i0.wp.com\/mangatom.com.br\/wp-content\/uploads\/2023\/01\/corso-Danilo-Beyruth-hq-comix-zone-2.jpg?fit=1200%2C859&ssl=1&resize=525%2C300 1.5x, https:\/\/i0.wp.com\/mangatom.com.br\/wp-content\/uploads\/2023\/01\/corso-Danilo-Beyruth-hq-comix-zone-2.jpg?fit=1200%2C859&ssl=1&resize=700%2C400 2x, https:\/\/i0.wp.com\/mangatom.com.br\/wp-content\/uploads\/2023\/01\/corso-Danilo-Beyruth-hq-comix-zone-2.jpg?fit=1200%2C859&ssl=1&resize=1050%2C600 3x"},"classes":[]},{"id":294,"url":"https:\/\/mangatom.com.br\/?p=294","url_meta":{"origin":1009,"position":1},"title":"On the Screen: Gungrave","author":"Mangatom","date":"dezembro 2, 2020","format":false,"excerpt":"Gungrave come\u00e7a no que parece ser um futuro p\u00f3s-apocal\u00edptico dominado por uma organiza\u00e7\u00e3o onde cabe a um pistoleiro proteger uma jovem e destruir monstros. Sim, o inicio parece ser algo bem gen\u00e9rico, mas o anime passa muito longe disso. Gungrave apesar de ser a\u00e7\u00e3o possui uma carga de drama relativamente\u2026","rel":"","context":"Em &quot;Anime&quot;","block_context":{"text":"Anime","link":"https:\/\/mangatom.com.br\/?cat=136"},"img":{"alt_text":"","src":"https:\/\/i0.wp.com\/mangatom.com.br\/wp-content\/uploads\/2020\/12\/gungrave.jpg?fit=1166%2C555&ssl=1&resize=350%2C200","width":350,"height":200,"srcset":"https:\/\/i0.wp.com\/mangatom.com.br\/wp-content\/uploads\/2020\/12\/gungrave.jpg?fit=1166%2C555&ssl=1&resize=350%2C200 1x, https:\/\/i0.wp.com\/mangatom.com.br\/wp-content\/uploads\/2020\/12\/gungrave.jpg?fit=1166%2C555&ssl=1&resize=525%2C300 1.5x, https:\/\/i0.wp.com\/mangatom.com.br\/wp-content\/uploads\/2020\/12\/gungrave.jpg?fit=1166%2C555&ssl=1&resize=700%2C400 2x, https:\/\/i0.wp.com\/mangatom.com.br\/wp-content\/uploads\/2020\/12\/gungrave.jpg?fit=1166%2C555&ssl=1&resize=1050%2C600 3x"},"classes":[]},{"id":674,"url":"https:\/\/mangatom.com.br\/?p=674","url_meta":{"origin":1009,"position":2},"title":"Post Especial: Melhores de 2015!","author":"Mangatom","date":"janeiro 5, 2021","format":false,"excerpt":"Mais um ano que se vai, repleto de pontos altos e baixos. N\u00e3o quero ser pessimista, mas isso \u00e9 simplesmente a vida. O que nos faz sair da bad e seguir em frente e a maneira como encaramos os acontecimentos passados, seja guardando lembran\u00e7as positivas dos momentos que tivemos com\u2026","rel":"","context":"Em &quot;Especial&quot;","block_context":{"text":"Especial","link":"https:\/\/mangatom.com.br\/?cat=309"},"img":{"alt_text":"","src":"https:\/\/i0.wp.com\/mangatom.com.br\/wp-content\/uploads\/2021\/01\/kekkai-sensen-750x422-1.jpg?fit=750%2C422&ssl=1&resize=350%2C200","width":350,"height":200,"srcset":"https:\/\/i0.wp.com\/mangatom.com.br\/wp-content\/uploads\/2021\/01\/kekkai-sensen-750x422-1.jpg?fit=750%2C422&ssl=1&resize=350%2C200 1x, https:\/\/i0.wp.com\/mangatom.com.br\/wp-content\/uploads\/2021\/01\/kekkai-sensen-750x422-1.jpg?fit=750%2C422&ssl=1&resize=525%2C300 1.5x, https:\/\/i0.wp.com\/mangatom.com.br\/wp-content\/uploads\/2021\/01\/kekkai-sensen-750x422-1.jpg?fit=750%2C422&ssl=1&resize=700%2C400 2x"},"classes":[]},{"id":5756,"url":"https:\/\/mangatom.com.br\/?p=5756","url_meta":{"origin":1009,"position":3},"title":"April and the Extraordinary World &#8211; Anima\u00e7\u00e3o francesa que lembra Ghibli","author":"Mangatom","date":"julho 10, 2023","format":false,"excerpt":"April and the Extraordinary World (Abril e o Mundo Extraordin\u00e1rio) \u00e9 um filme que tentei ver algumas vezes. Me lembro que a primeira s\u00f3 estava buscando algo diferente e o poster chamou a aten\u00e7\u00e3o, mas n\u00e3o conseguia encontrar. Isso deve ter sido por volta de seu lan\u00e7amento em 2015, pois\u2026","rel":"","context":"Em &quot;Desenho&quot;","block_context":{"text":"Desenho","link":"https:\/\/mangatom.com.br\/?cat=1263"},"img":{"alt_text":"","src":"https:\/\/i0.wp.com\/mangatom.com.br\/wp-content\/uploads\/2023\/07\/Captura-de-tela-2023-07-10-174225.png?fit=1200%2C675&ssl=1&resize=350%2C200","width":350,"height":200,"srcset":"https:\/\/i0.wp.com\/mangatom.com.br\/wp-content\/uploads\/2023\/07\/Captura-de-tela-2023-07-10-174225.png?fit=1200%2C675&ssl=1&resize=350%2C200 1x, https:\/\/i0.wp.com\/mangatom.com.br\/wp-content\/uploads\/2023\/07\/Captura-de-tela-2023-07-10-174225.png?fit=1200%2C675&ssl=1&resize=525%2C300 1.5x, https:\/\/i0.wp.com\/mangatom.com.br\/wp-content\/uploads\/2023\/07\/Captura-de-tela-2023-07-10-174225.png?fit=1200%2C675&ssl=1&resize=700%2C400 2x, https:\/\/i0.wp.com\/mangatom.com.br\/wp-content\/uploads\/2023\/07\/Captura-de-tela-2023-07-10-174225.png?fit=1200%2C675&ssl=1&resize=1050%2C600 3x"},"classes":[]},{"id":1270,"url":"https:\/\/mangatom.com.br\/?p=1270","url_meta":{"origin":1009,"position":4},"title":"Resenha em Massa: Riki-Oh &#8211; Viol\u00eancia sem limites","author":"Mangatom","date":"mar\u00e7o 3, 2021","format":false,"excerpt":"Voc\u00ea busca obras cheias de viol\u00eancia e gore com um enredo bizarro e cenas t\u00e3o absurdas que viram meme? Se esse \u00e9 voc\u00ea, ent\u00e3o de uma chance a Riki-oh. Se n\u00e3o... cara, so acompanha esse texto que voc\u00ea vai entender um pouco melhor. Riki-oh, tamb\u00e9m conhecido como The Story of\u2026","rel":"","context":"Em &quot;Resenha em Massa&quot;","block_context":{"text":"Resenha em Massa","link":"https:\/\/mangatom.com.br\/?cat=248"},"img":{"alt_text":"","src":"https:\/\/i0.wp.com\/mangatom.com.br\/wp-content\/uploads\/2021\/03\/rikioh.jpg?fit=1166%2C555&ssl=1&resize=350%2C200","width":350,"height":200,"srcset":"https:\/\/i0.wp.com\/mangatom.com.br\/wp-content\/uploads\/2021\/03\/rikioh.jpg?fit=1166%2C555&ssl=1&resize=350%2C200 1x, https:\/\/i0.wp.com\/mangatom.com.br\/wp-content\/uploads\/2021\/03\/rikioh.jpg?fit=1166%2C555&ssl=1&resize=525%2C300 1.5x, https:\/\/i0.wp.com\/mangatom.com.br\/wp-content\/uploads\/2021\/03\/rikioh.jpg?fit=1166%2C555&ssl=1&resize=700%2C400 2x, https:\/\/i0.wp.com\/mangatom.com.br\/wp-content\/uploads\/2021\/03\/rikioh.jpg?fit=1166%2C555&ssl=1&resize=1050%2C600 3x"},"classes":[]},{"id":214,"url":"https:\/\/mangatom.com.br\/?p=214","url_meta":{"origin":1009,"position":5},"title":"Resenha em Massa: The Crater (Vol 1)","author":"Mangatom","date":"novembro 26, 2020","format":false,"excerpt":"Primeiro vou explicar o que seria \"Resenha em Massa\". A ideia surgiu para fazer a resenha de v\u00e1rios t\u00edtulos em um mesmo post. Inicialmente ser\u00e3o colet\u00e2neas de one-shots, porem penso em mais para a frente fazer posts tem\u00e1ticos por g\u00eanero ou autor. Em nossa primeira resenha em massa veremos o\u2026","rel":"","context":"Em &quot;Mang\u00e1&quot;","block_context":{"text":"Mang\u00e1","link":"https:\/\/mangatom.com.br\/?cat=4"},"img":{"alt_text":"","src":"https:\/\/i0.wp.com\/mangatom.com.br\/wp-content\/uploads\/2020\/11\/the_crater.jpg?fit=1166%2C555&ssl=1&resize=350%2C200","width":350,"height":200,"srcset":"https:\/\/i0.wp.com\/mangatom.com.br\/wp-content\/uploads\/2020\/11\/the_crater.jpg?fit=1166%2C555&ssl=1&resize=350%2C200 1x, https:\/\/i0.wp.com\/mangatom.com.br\/wp-content\/uploads\/2020\/11\/the_crater.jpg?fit=1166%2C555&ssl=1&resize=525%2C300 1.5x, https:\/\/i0.wp.com\/mangatom.com.br\/wp-content\/uploads\/2020\/11\/the_crater.jpg?fit=1166%2C555&ssl=1&resize=700%2C400 2x, https:\/\/i0.wp.com\/mangatom.com.br\/wp-content\/uploads\/2020\/11\/the_crater.jpg?fit=1166%2C555&ssl=1&resize=1050%2C600 3x"},"classes":[]}],"jetpack_sharing_enabled":true,"_links":{"self":[{"href":"https:\/\/mangatom.com.br\/index.php?rest_route=\/wp\/v2\/posts\/1009","targetHints":{"allow":["GET"]}}],"collection":[{"href":"https:\/\/mangatom.com.br\/index.php?rest_route=\/wp\/v2\/posts"}],"about":[{"href":"https:\/\/mangatom.com.br\/index.php?rest_route=\/wp\/v2\/types\/post"}],"author":[{"embeddable":true,"href":"https:\/\/mangatom.com.br\/index.php?rest_route=\/wp\/v2\/users\/1"}],"replies":[{"embeddable":true,"href":"https:\/\/mangatom.com.br\/index.php?rest_route=%2Fwp%2Fv2%2Fcomments&post=1009"}],"version-history":[{"count":5,"href":"https:\/\/mangatom.com.br\/index.php?rest_route=\/wp\/v2\/posts\/1009\/revisions"}],"predecessor-version":[{"id":5491,"href":"https:\/\/mangatom.com.br\/index.php?rest_route=\/wp\/v2\/posts\/1009\/revisions\/5491"}],"wp:featuredmedia":[{"embeddable":true,"href":"https:\/\/mangatom.com.br\/index.php?rest_route=\/wp\/v2\/media\/4706"}],"wp:attachment":[{"href":"https:\/\/mangatom.com.br\/index.php?rest_route=%2Fwp%2Fv2%2Fmedia&parent=1009"}],"wp:term":[{"taxonomy":"category","embeddable":true,"href":"https:\/\/mangatom.com.br\/index.php?rest_route=%2Fwp%2Fv2%2Fcategories&post=1009"},{"taxonomy":"post_tag","embeddable":true,"href":"https:\/\/mangatom.com.br\/index.php?rest_route=%2Fwp%2Fv2%2Ftags&post=1009"}],"curies":[{"name":"wp","href":"https:\/\/api.w.org\/{rel}","templated":true}]}}